{"id":1009,"date":"2008-09-22T17:05:08","date_gmt":"2008-09-22T15:05:08","guid":{"rendered":"http:\/\/www.kohlhof.de\/kohlhof\/2008\/09\/22\/schiff-am-haken\/"},"modified":"2008-09-22T18:25:20","modified_gmt":"2008-09-22T16:25:20","slug":"schiff-am-haken","status":"publish","type":"post","link":"https:\/\/www.kohlhof.de\/kohlhof\/2008\/09\/22\/schiff-am-haken\/","title":{"rendered":"Schiff am Haken"},"content":{"rendered":"<div class='__iawmlf-post-loop-links' style='display:none;' data-iawmlf-post-links='[{&quot;id&quot;:716,&quot;href&quot;:&quot;http:\\\/\\\/www.ndr1radiomv.de\\\/aker102.html&quot;,&quot;archived_href&quot;:&quot;http:\\\/\\\/web-wp.archive.org\\\/web\\\/20080929051853\\\/http:\\\/\\\/www.ndr1radiomv.de:80\\\/aker102.html&quot;,&quot;redirect_href&quot;:&quot;&quot;,&quot;checks&quot;:[{&quot;date&quot;:&quot;2026-02-11 13:49:32&quot;,&quot;http_code&quot;:200},{&quot;date&quot;:&quot;2026-03-15 21:10:58&quot;,&quot;http_code&quot;:200},{&quot;date&quot;:&quot;2026-03-25 08:50:58&quot;,&quot;http_code&quot;:200},{&quot;date&quot;:&quot;2026-03-29 08:16:55&quot;,&quot;http_code&quot;:200},{&quot;date&quot;:&quot;2026-04-04 23:28:51&quot;,&quot;http_code&quot;:200},{&quot;date&quot;:&quot;2026-04-10 07:51:08&quot;,&quot;http_code&quot;:200},{&quot;date&quot;:&quot;2026-04-15 11:01:38&quot;,&quot;http_code&quot;:200},{&quot;date&quot;:&quot;2026-04-21 10:38:59&quot;,&quot;http_code&quot;:200},{&quot;date&quot;:&quot;2026-04-24 13:35:38&quot;,&quot;http_code&quot;:200}],&quot;broken&quot;:false,&quot;last_checked&quot;:{&quot;date&quot;:&quot;2026-04-24 13:35:38&quot;,&quot;http_code&quot;:200},&quot;process&quot;:&quot;done&quot;}]'><\/div>\n<p>Auf der Warnem\u00fcnder Werft, die bis 11 Uhr heute <a href=\"http:\/\/www.ndr1radiomv.de\/aker102.html\" title=\"Meldung auf ndr.de\">Aker hie\u00df und nun Wadan<\/a> hei\u00dft, wurde heute auch die Kiellegung einer neuen F\u00e4hre gefeiert. Das erste Segment hat der gro\u00dfe Portalkran in die Werfthalle schweben lassen.<\/p>\n<p><img decoding=\"async\" src=\"https:\/\/www.kohlhof.de\/kohlhof\/wp-content\/uploads\/2008\/09\/schiff_am_haken.jpg\" alt=\"Schiffssegement in der Werfthalle Warnem\u00fcnde\" \/><\/p>\n<p><!--more-->Ein beeindruckender Anblick, wenn so ein Haufen Stahl, dem man schon ansehen kann, dass er Teil eines riesigen Schiffes werden wird, trotzdem wie eine Feder herabschwebt. Ebenso beeindruckend ist auch der Kran an sich, der gigantische Lasten wie diese in \u00fcber 100 Meter H\u00f6he hieven kann.<\/p>\n<p><img decoding=\"async\" src=\"https:\/\/www.kohlhof.de\/kohlhof\/wp-content\/uploads\/2008\/09\/schiff_am_haken02.jpg\" alt=\"Anblick der Werfthalle Warnem\u00fcnde - am Kran h\u00e4ngt das Segemnt einer neuen F\u00e4hre\" \/><\/p>\n","protected":false},"excerpt":{"rendered":"<p>Auf der Warnem\u00fcnder Werft, die bis 11 Uhr heute Aker hie\u00df und nun Wadan hei\u00dft, wurde heute auch die Kiellegung einer neuen F\u00e4hre gefeiert. Das erste Segment hat der gro\u00dfe Portalkran in die Werfthalle schweben lassen.<\/p>\n","protected":false},"author":55,"featured_media":0,"comment_status":"open","ping_status":"open","sticky":false,"template":"","format":"standard","meta":{"h5ap_radio_sources":[],"jetpack_post_was_ever_published":false,"_jetpack_newsletter_access":"","_jetpack_dont_email_post_to_subs":false,"_jetpack_newsletter_tier_id":0,"_jetpack_memberships_contains_paywalled_content":false,"_jetpack_memberships_contains_paid_content":false,"activitypub_content_warning":"","activitypub_content_visibility":"","activitypub_max_image_attachments":4,"activitypub_interaction_policy_quote":"anyone","activitypub_status":"","footnotes":"","jetpack_publicize_message":"","jetpack_publicize_feature_enabled":true,"jetpack_social_post_already_shared":false,"jetpack_social_options":{"image_generator_settings":{"template":"highway","default_image_id":0,"font":"","enabled":false},"version":2}},"categories":[2],"tags":[19,363,64],"class_list":["post-1009","post","type-post","status-publish","format-standard","hentry","category-politik-und-verwaltung","tag-rostock","tag-schifffahrt","tag-warnemunde"],"jetpack_publicize_connections":[],"jetpack_featured_media_url":"","jetpack_sharing_enabled":true,"jetpack_shortlink":"https:\/\/wp.me\/paimI-gh","jetpack-related-posts":[],"_links":{"self":[{"href":"https:\/\/www.kohlhof.de\/kohlhof\/wp-json\/wp\/v2\/posts\/1009","targetHints":{"allow":["GET"]}}],"collection":[{"href":"https:\/\/www.kohlhof.de\/kohlhof\/wp-json\/wp\/v2\/posts"}],"about":[{"href":"https:\/\/www.kohlhof.de\/kohlhof\/wp-json\/wp\/v2\/types\/post"}],"author":[{"embeddable":true,"href":"https:\/\/www.kohlhof.de\/kohlhof\/wp-json\/wp\/v2\/users\/55"}],"replies":[{"embeddable":true,"href":"https:\/\/www.kohlhof.de\/kohlhof\/wp-json\/wp\/v2\/comments?post=1009"}],"version-history":[{"count":0,"href":"https:\/\/www.kohlhof.de\/kohlhof\/wp-json\/wp\/v2\/posts\/1009\/revisions"}],"wp:attachment":[{"href":"https:\/\/www.kohlhof.de\/kohlhof\/wp-json\/wp\/v2\/media?parent=1009"}],"wp:term":[{"taxonomy":"category","embeddable":true,"href":"https:\/\/www.kohlhof.de\/kohlhof\/wp-json\/wp\/v2\/categories?post=1009"},{"taxonomy":"post_tag","embeddable":true,"href":"https:\/\/www.kohlhof.de\/kohlhof\/wp-json\/wp\/v2\/tags?post=1009"}],"curies":[{"name":"wp","href":"https:\/\/api.w.org\/{rel}","templated":true}]}}