{"id":1075,"date":"2008-10-06T20:17:07","date_gmt":"2008-10-06T18:17:07","guid":{"rendered":"http:\/\/www.kohlhof.de\/kohlhof\/?p=1075"},"modified":"2008-10-06T20:48:21","modified_gmt":"2008-10-06T18:48:21","slug":"radioperlen-froschkonzert-in-moll","status":"publish","type":"post","link":"https:\/\/www.kohlhof.de\/kohlhof\/2008\/10\/06\/radioperlen-froschkonzert-in-moll\/","title":{"rendered":"Radioperlen: Froschkonzert in Moll"},"content":{"rendered":"<div class='__iawmlf-post-loop-links' style='display:none;' data-iawmlf-post-links='[{&quot;id&quot;:703,&quot;href&quot;:&quot;http:\\\/\\\/www.dradio.de\\\/dlf\\\/sendungen\\\/wib\\\/852062&quot;,&quot;archived_href&quot;:&quot;http:\\\/\\\/web-wp.archive.org\\\/web\\\/20110927043116\\\/http:\\\/\\\/www.dradio.de:80\\\/dlf\\\/sendungen\\\/wib\\\/852062\\\/&quot;,&quot;redirect_href&quot;:&quot;&quot;,&quot;checks&quot;:[{&quot;date&quot;:&quot;2026-02-11 13:38:19&quot;,&quot;http_code&quot;:404},{&quot;date&quot;:&quot;2026-02-19 11:32:59&quot;,&quot;http_code&quot;:404},{&quot;date&quot;:&quot;2026-02-28 04:11:19&quot;,&quot;http_code&quot;:503},{&quot;date&quot;:&quot;2026-03-11 19:48:15&quot;,&quot;http_code&quot;:404},{&quot;date&quot;:&quot;2026-03-17 03:17:10&quot;,&quot;http_code&quot;:404},{&quot;date&quot;:&quot;2026-03-27 05:30:03&quot;,&quot;http_code&quot;:404},{&quot;date&quot;:&quot;2026-04-03 02:30:13&quot;,&quot;http_code&quot;:404},{&quot;date&quot;:&quot;2026-04-07 16:15:36&quot;,&quot;http_code&quot;:404},{&quot;date&quot;:&quot;2026-04-13 10:50:06&quot;,&quot;http_code&quot;:404},{&quot;date&quot;:&quot;2026-04-21 13:36:05&quot;,&quot;http_code&quot;:404},{&quot;date&quot;:&quot;2026-04-26 01:22:26&quot;,&quot;http_code&quot;:404}],&quot;broken&quot;:true,&quot;last_checked&quot;:{&quot;date&quot;:&quot;2026-04-26 01:22:26&quot;,&quot;http_code&quot;:404},&quot;process&quot;:&quot;done&quot;}]'><\/div>\n<p>Radio ist blo\u00df der beste Lala-Mix von gestern und heute mit mehr Musik und ebensolcher Abwechslung ohne Unterbrechung? Nun ja&#8230; auch, um nicht zu sagen: Vor allem. Die Entwicklung vieler Radiostationen l\u00e4sst diesen Schluss zu. Vor allem, wenn sich vermeintliche redaktionelle Kompetenz ausschlie\u00dflich auf zugekaufte Kurznachrichten, das Vorlesen von Temperaturen und das Nennen von Radarfallen beschr\u00e4nkt. Aber jeder kann und darf ja selbst entscheiden, was er h\u00f6rt.<\/p>\n<p>Dabei gibt es im Radio so viel anderes zu h\u00f6ren. Man muss es nur finden oder wissen, wo es interessante Reportagen, Feature, Specials, Interviews und Berichte gibt. Das k\u00f6nnen knackige 90-Sek\u00fcnder sein, sind in vielen F\u00e4llen aber wohl auch l\u00e4ngere St\u00fccke. Weil ich berufsbedingt besonders viel Radio h\u00f6re, habe ich beschlossen, hier auf Geh\u00f6rtes und zu H\u00f6rendes hinzuweisen, also auf das, was mir gefallen hat und Sendungen, von denen ich mir einiges verspreche.<\/p>\n<p>Den Anfang macht ein R\u00fcckblick auf den Deutschlandfunk vom Wochenende. Am Sonntag lief dort das Feature &#8220;Froschkonzert in Moll &#8211; was tun, wenn die Amphibien gehen?&#8221; (nachzulesen und -zuh\u00f6ren bei <a title=\"Froschkonzert in Moll\" href=\"http:\/\/www.dradio.de\/dlf\/sendungen\/wib\/852062\/\">dradio.de<\/a>). Es geht darum, dass ein Drittel aller Fr\u00f6sche, Unken, Kr\u00f6ten und wie sie alle hei\u00dfen vom Aussterben bedroht sind, weil ihnen nicht nur Treibhausgase und Klimawandel zu schaffen machen, sondern sie obendrein noch von einem fiesen Pilz namens Chytrid gepiesakt werden.<\/p>\n<p>Der Beitrag beginnt mit dem Verschwinden der Goldkr\u00f6ten, was vom Begriff her schon ein echter Anreiz zum Weiterh\u00f6ren sein kann. Es folgt eine Szene, bei der der H\u00f6rer Wissenschaftler in der Schweiz auf der Froschsuche begleitet und mit ihnen durch Morast, h\u00fcfthohes Gras und am Rand von dunklen T\u00fcmpeln entlangwandert. Auftakt zu einer halben Stunden wissenschaftlichem Exkurs \u00fcber die Bedrohungen f\u00fcr Salamander und Fr\u00f6sche. Das Thema l\u00e4sst das nicht unbedingt vermuten, aber das alles war sehr spannend aufbereitet. Mit \u00fcberraschenden Erkenntnissen. Zitat:<\/p>\n<blockquote><p><a title=\"Der vollst\u00e4ndige Beitragstext bei dradio.de\" href=\"http:\/\/www.dradio.de\/dlf\/sendungen\/wib\/852062\/\">Neuseel\u00e4ndische Forscher haben im vergangenen Jahr entdeckt, dass eine Augensalbe Fr\u00f6sche resistent gegen den Pilz machen kann. Und Wissenschaftler in den USA haben herausgefunden, dass ein spezieller Bakterien-Mix auf der Amphibienhaut den Fr\u00f6schen dabei hilft, Chytrid zu bek\u00e4mpfen. Hoffnungsschimmer &#8211; aber nur im Labor. Wie sollen wildlebende Fr\u00f6sche im Regenwald mit einer Salbe behandelt werden?<\/a><\/p><\/blockquote>\n<p>Forscher planen deshalb, gezielt die Erbinformationen von aussterbenden Amphibienarten in Gen-Datenbanken zu konservieren. F\u00fcr sp\u00e4ter einmal, wenn man schlauer ist. Allerdings machten die Froschforscher auch klar, dass derzeit wohl nicht genug unternommen wird, um dem Siechtum vieler Amphibien-Arten Einhalt zu gebieten.<\/p>\n<p>Der Beitrag war die perfekte Mischung aus Information und Unterhaltung f\u00fcr eine Autofahrt in den Westen. Einzig die Fr\u00f6sche selbst waren kaum zu h\u00f6ren, wo sie doch so sch\u00f6n quaken. Aber vielleicht war das ja auch blo\u00df ein ersch\u00fctterndes Stilmittel von Autorin Marieke Degen u m zu unterstreichen, wie selten manche Fr\u00f6sche inzwischen schon zu finden sind.<\/p>\n","protected":false},"excerpt":{"rendered":"<p>Radio ist blo\u00df der beste Lala-Mix von gestern und heute mit mehr Musik und ebensolcher Abwechslung ohne Unterbrechung? Nun ja&#8230; auch, um nicht zu sagen: Vor allem. Die Entwicklung vieler Radiostationen l\u00e4sst diesen Schluss zu. Vor allem, wenn sich vermeintliche redaktionelle Kompetenz ausschlie\u00dflich auf zugekaufte Kurznachrichten, das Vorlesen von Temperaturen und das Nennen von Radarfallen &hellip; <a href=\"https:\/\/www.kohlhof.de\/kohlhof\/2008\/10\/06\/radioperlen-froschkonzert-in-moll\/\" class=\"more-link\"><span class=\"screen-reader-text\">\u201eRadioperlen: Froschkonzert in Moll\u201c <\/span>weiterlesen<\/a><\/p>\n","protected":false},"author":55,"featured_media":0,"comment_status":"open","ping_status":"open","sticky":false,"template":"","format":"standard","meta":{"h5ap_radio_sources":[],"jetpack_post_was_ever_published":false,"_jetpack_newsletter_access":"","_jetpack_dont_email_post_to_subs":false,"_jetpack_newsletter_tier_id":0,"_jetpack_memberships_contains_paywalled_content":false,"_jetpack_memberships_contains_paid_content":false,"activitypub_content_warning":"","activitypub_content_visibility":"","activitypub_max_image_attachments":4,"activitypub_interaction_policy_quote":"anyone","activitypub_status":"","footnotes":"","jetpack_publicize_message":"","jetpack_publicize_feature_enabled":true,"jetpack_social_post_already_shared":false,"jetpack_social_options":{"image_generator_settings":{"template":"highway","default_image_id":0,"font":"","enabled":false},"version":2}},"categories":[528],"tags":[530,532,1022,173],"class_list":["post-1075","post","type-post","status-publish","format-standard","hentry","category-radioperlen","tag-deutschlandfunk","tag-frosche","tag-arbeit","tag-rezension"],"jetpack_publicize_connections":[],"jetpack_featured_media_url":"","jetpack_sharing_enabled":true,"jetpack_shortlink":"https:\/\/wp.me\/paimI-hl","jetpack-related-posts":[],"_links":{"self":[{"href":"https:\/\/www.kohlhof.de\/kohlhof\/wp-json\/wp\/v2\/posts\/1075","targetHints":{"allow":["GET"]}}],"collection":[{"href":"https:\/\/www.kohlhof.de\/kohlhof\/wp-json\/wp\/v2\/posts"}],"about":[{"href":"https:\/\/www.kohlhof.de\/kohlhof\/wp-json\/wp\/v2\/types\/post"}],"author":[{"embeddable":true,"href":"https:\/\/www.kohlhof.de\/kohlhof\/wp-json\/wp\/v2\/users\/55"}],"replies":[{"embeddable":true,"href":"https:\/\/www.kohlhof.de\/kohlhof\/wp-json\/wp\/v2\/comments?post=1075"}],"version-history":[{"count":0,"href":"https:\/\/www.kohlhof.de\/kohlhof\/wp-json\/wp\/v2\/posts\/1075\/revisions"}],"wp:attachment":[{"href":"https:\/\/www.kohlhof.de\/kohlhof\/wp-json\/wp\/v2\/media?parent=1075"}],"wp:term":[{"taxonomy":"category","embeddable":true,"href":"https:\/\/www.kohlhof.de\/kohlhof\/wp-json\/wp\/v2\/categories?post=1075"},{"taxonomy":"post_tag","embeddable":true,"href":"https:\/\/www.kohlhof.de\/kohlhof\/wp-json\/wp\/v2\/tags?post=1075"}],"curies":[{"name":"wp","href":"https:\/\/api.w.org\/{rel}","templated":true}]}}