{"id":109,"date":"2006-02-16T19:43:42","date_gmt":"2006-02-16T18:43:42","guid":{"rendered":"http:\/\/www.kohlhof.de\/kohlhof\/?p=109"},"modified":"2008-06-19T14:05:39","modified_gmt":"2008-06-19T12:05:39","slug":"vogelgrippe-einsatz-ii","status":"publish","type":"post","link":"https:\/\/www.kohlhof.de\/kohlhof\/2006\/02\/16\/vogelgrippe-einsatz-ii\/","title":{"rendered":"Vogelgrippe-Einsatz II."},"content":{"rendered":"<div class='__iawmlf-post-loop-links' style='display:none;' data-iawmlf-post-links='[]'><\/div>\n<p>Heute um 5.00 Uhr auf R\u00fcgen gewesen. Mit dem \u00dc-Wagen in Schaprode mit Techniker und noch einem Kollegen.<\/p>\n<li>Live-Gespr\u00e4che mit hr-info, WDR2 und dem Info-Radio vom RBB.<\/li>\n<li>O-T\u00f6ne von einem Fachmann des Naturparks Vorpommersche Boddenlandschaft.<\/li>\n<li>Mittagszusammenfassung als ARD-Lang-Sammel<\/li>\n<li>Reportage aus einem Kindergarten in der \u00dcberwachungszone: Die Kleinen lernen, dass Vogelkadaver und Federn nicht mehr angefasst werden d\u00fcrfen.<\/li>\n<li>Aufsager Nachrichten NDR1 Radio MV<\/li>\n<li>O-Ton Nachrichten NDR1 Radio MV<\/li>\n<li>Korrespondenten-Gespr\u00e4ch L1ve (WDR)<\/li>\n<li>ARD-Kurz-Sammel<\/li>\n<li>ARD-Lang-Sammel<\/li>\n<p>Jetzt bin ich ganz sch\u00f6n erledigt. Es ist 19:51 Uhr.<\/p>\n<p>Was f\u00fcr ein geiler Tag!<\/p>\n<p>Morgen is Urlaub!<\/p>\n","protected":false},"excerpt":{"rendered":"<p>Heute um 5.00 Uhr auf R\u00fcgen gewesen. Mit dem \u00dc-Wagen in Schaprode mit Techniker und noch einem Kollegen. Live-Gespr\u00e4che mit hr-info, WDR2 und dem Info-Radio vom RBB. O-T\u00f6ne von einem Fachmann des Naturparks Vorpommersche Boddenlandschaft. Mittagszusammenfassung als ARD-Lang-Sammel Reportage aus einem Kindergarten in der \u00dcberwachungszone: Die Kleinen lernen, dass Vogelkadaver und Federn nicht mehr angefasst &hellip; <a href=\"https:\/\/www.kohlhof.de\/kohlhof\/2006\/02\/16\/vogelgrippe-einsatz-ii\/\" class=\"more-link\"><span class=\"screen-reader-text\">\u201eVogelgrippe-Einsatz II.\u201c <\/span>weiterlesen<\/a><\/p>\n","protected":false},"author":55,"featured_media":0,"comment_status":"open","ping_status":"open","sticky":false,"template":"","format":"standard","meta":{"h5ap_radio_sources":[],"jetpack_post_was_ever_published":false,"_jetpack_newsletter_access":"","_jetpack_dont_email_post_to_subs":false,"_jetpack_newsletter_tier_id":0,"_jetpack_memberships_contains_paywalled_content":false,"_jetpack_memberships_contains_paid_content":false,"activitypub_content_warning":"","activitypub_content_visibility":"","activitypub_max_image_attachments":4,"activitypub_interaction_policy_quote":"anyone","activitypub_status":"","footnotes":"","jetpack_publicize_message":"","jetpack_publicize_feature_enabled":true,"jetpack_social_post_already_shared":false,"jetpack_social_options":{"image_generator_settings":{"template":"highway","default_image_id":0,"font":"","enabled":false},"version":2}},"categories":[1,7],"tags":[1022,642,104],"class_list":["post-109","post","type-post","status-publish","format-standard","hentry","category-allgemein","category-arbeit","tag-arbeit","tag-reporter","tag-vogelgrippe"],"jetpack_publicize_connections":[],"jetpack_featured_media_url":"","jetpack_sharing_enabled":true,"jetpack_shortlink":"https:\/\/wp.me\/paimI-1L","jetpack-related-posts":[],"_links":{"self":[{"href":"https:\/\/www.kohlhof.de\/kohlhof\/wp-json\/wp\/v2\/posts\/109","targetHints":{"allow":["GET"]}}],"collection":[{"href":"https:\/\/www.kohlhof.de\/kohlhof\/wp-json\/wp\/v2\/posts"}],"about":[{"href":"https:\/\/www.kohlhof.de\/kohlhof\/wp-json\/wp\/v2\/types\/post"}],"author":[{"embeddable":true,"href":"https:\/\/www.kohlhof.de\/kohlhof\/wp-json\/wp\/v2\/users\/55"}],"replies":[{"embeddable":true,"href":"https:\/\/www.kohlhof.de\/kohlhof\/wp-json\/wp\/v2\/comments?post=109"}],"version-history":[{"count":0,"href":"https:\/\/www.kohlhof.de\/kohlhof\/wp-json\/wp\/v2\/posts\/109\/revisions"}],"wp:attachment":[{"href":"https:\/\/www.kohlhof.de\/kohlhof\/wp-json\/wp\/v2\/media?parent=109"}],"wp:term":[{"taxonomy":"category","embeddable":true,"href":"https:\/\/www.kohlhof.de\/kohlhof\/wp-json\/wp\/v2\/categories?post=109"},{"taxonomy":"post_tag","embeddable":true,"href":"https:\/\/www.kohlhof.de\/kohlhof\/wp-json\/wp\/v2\/tags?post=109"}],"curies":[{"name":"wp","href":"https:\/\/api.w.org\/{rel}","templated":true}]}}