{"id":1290,"date":"2008-11-30T05:04:24","date_gmt":"2008-11-30T04:04:24","guid":{"rendered":"http:\/\/www.kohlhof.de\/kohlhof\/?p=1290"},"modified":"2009-02-16T14:01:36","modified_gmt":"2009-02-16T13:01:36","slug":"auf-die-platzchen-fertig-los","status":"publish","type":"post","link":"https:\/\/www.kohlhof.de\/kohlhof\/2008\/11\/30\/auf-die-platzchen-fertig-los\/","title":{"rendered":"Auf die Pl\u00e4tzchen, fertig, los!"},"content":{"rendered":"<div class='__iawmlf-post-loop-links' style='display:none;' data-iawmlf-post-links='[]'><\/div>\n<figure id=\"attachment_1291\" aria-describedby=\"caption-attachment-1291\" style=\"width: 510px\" class=\"wp-caption aligncenter\"><a href=\"https:\/\/www.kohlhof.de\/kohlhof\/wp-content\/uploads\/2008\/11\/kekse.jpg\"><img loading=\"lazy\" decoding=\"async\" data-attachment-id=\"1291\" data-permalink=\"https:\/\/www.kohlhof.de\/kohlhof\/2008\/11\/30\/auf-die-platzchen-fertig-los\/kekse\/\" data-orig-file=\"https:\/\/www.kohlhof.de\/kohlhof\/wp-content\/uploads\/2008\/11\/kekse.jpg\" data-orig-size=\"510,290\" data-comments-opened=\"1\" data-image-meta=\"{&quot;aperture&quot;:&quot;0&quot;,&quot;credit&quot;:&quot;&quot;,&quot;camera&quot;:&quot;&quot;,&quot;caption&quot;:&quot;&quot;,&quot;created_timestamp&quot;:&quot;0&quot;,&quot;copyright&quot;:&quot;&quot;,&quot;focal_length&quot;:&quot;0&quot;,&quot;iso&quot;:&quot;0&quot;,&quot;shutter_speed&quot;:&quot;0&quot;,&quot;title&quot;:&quot;&quot;}\" data-image-title=\"Advents-Kekse\" data-image-description=\"&lt;p&gt;Pfeffern\u00fcsse&lt;\/p&gt;\n\" data-image-caption=\"\" data-large-file=\"https:\/\/www.kohlhof.de\/kohlhof\/wp-content\/uploads\/2008\/11\/kekse.jpg\" class=\"size-medium wp-image-1291\" title=\"Advents-Kekse\" src=\"https:\/\/www.kohlhof.de\/kohlhof\/wp-content\/uploads\/2008\/11\/kekse.jpg\" alt=\"\" width=\"510\" height=\"290\" srcset=\"https:\/\/www.kohlhof.de\/kohlhof\/wp-content\/uploads\/2008\/11\/kekse.jpg 510w, https:\/\/www.kohlhof.de\/kohlhof\/wp-content\/uploads\/2008\/11\/kekse-300x170.jpg 300w\" sizes=\"auto, (max-width: 510px) 85vw, 510px\" \/><\/a><figcaption id=\"caption-attachment-1291\" class=\"wp-caption-text\">Endlich Advent. In den Back\u00f6fen meines Vertrauens ist schon vor Tagen die Produktion von passendem Backwerk angelaufen. Und selbstverst\u00e4ndlich hat man bisher darauf verzichtet, f\u00fcr diese Advents- und Weihnachtsartikel zu fr\u00fch zu werben (und sie zu fr\u00fch zu vernaschen). Kommerzielle Anbieter von Limonaden, Stichs\u00e4gen, Dufttinkturen und anderem Plunder haben ja schon vor Wochen mit dem R\u00fchren ihrer ach so besinnlich l\u00e4rmenden Werbetrommel begonnen, was ich \u00e4u\u00dferst verwerflich finde. Sch\u00f6ne Adventszeit! Das Bild zeigt \u00fcbrigens Pfeffern\u00fcsse nach einem uralten Mecklenburger Rezept, gebacken von einer knackig jungen Mecklenburgerin - in diesem Fall war die sagenhafte Menge von drei Kilogramm Teig Grundlage f\u00fcr die Produktion dieser hier nur teilweise abgebildeten ersten Charge Adventsgeb\u00e4ck.Foto: Christian Kohlhof<\/figcaption><\/figure>\n","protected":false},"excerpt":{"rendered":"","protected":false},"author":55,"featured_media":0,"comment_status":"open","ping_status":"open","sticky":false,"template":"","format":"standard","meta":{"h5ap_radio_sources":[],"jetpack_post_was_ever_published":false,"_jetpack_newsletter_access":"","_jetpack_dont_email_post_to_subs":false,"_jetpack_newsletter_tier_id":0,"_jetpack_memberships_contains_paywalled_content":false,"_jetpack_memberships_contains_paid_content":false,"activitypub_content_warning":"","activitypub_content_visibility":"","activitypub_max_image_attachments":4,"activitypub_interaction_policy_quote":"anyone","activitypub_status":"","footnotes":"","jetpack_publicize_message":"","jetpack_publicize_feature_enabled":true,"jetpack_social_post_already_shared":false,"jetpack_social_options":{"image_generator_settings":{"template":"highway","default_image_id":0,"font":"","enabled":false},"version":2}},"categories":[2],"tags":[569,221,134],"class_list":["post-1290","post","type-post","status-publish","format-standard","hentry","category-politik-und-verwaltung","tag-advent","tag-geback","tag-weihnachten"],"jetpack_publicize_connections":[],"jetpack_featured_media_url":"","jetpack_sharing_enabled":true,"jetpack_shortlink":"https:\/\/wp.me\/paimI-kO","jetpack-related-posts":[],"_links":{"self":[{"href":"https:\/\/www.kohlhof.de\/kohlhof\/wp-json\/wp\/v2\/posts\/1290","targetHints":{"allow":["GET"]}}],"collection":[{"href":"https:\/\/www.kohlhof.de\/kohlhof\/wp-json\/wp\/v2\/posts"}],"about":[{"href":"https:\/\/www.kohlhof.de\/kohlhof\/wp-json\/wp\/v2\/types\/post"}],"author":[{"embeddable":true,"href":"https:\/\/www.kohlhof.de\/kohlhof\/wp-json\/wp\/v2\/users\/55"}],"replies":[{"embeddable":true,"href":"https:\/\/www.kohlhof.de\/kohlhof\/wp-json\/wp\/v2\/comments?post=1290"}],"version-history":[{"count":0,"href":"https:\/\/www.kohlhof.de\/kohlhof\/wp-json\/wp\/v2\/posts\/1290\/revisions"}],"wp:attachment":[{"href":"https:\/\/www.kohlhof.de\/kohlhof\/wp-json\/wp\/v2\/media?parent=1290"}],"wp:term":[{"taxonomy":"category","embeddable":true,"href":"https:\/\/www.kohlhof.de\/kohlhof\/wp-json\/wp\/v2\/categories?post=1290"},{"taxonomy":"post_tag","embeddable":true,"href":"https:\/\/www.kohlhof.de\/kohlhof\/wp-json\/wp\/v2\/tags?post=1290"}],"curies":[{"name":"wp","href":"https:\/\/api.w.org\/{rel}","templated":true}]}}