{"id":1305,"date":"2008-11-26T08:35:33","date_gmt":"2008-11-26T07:35:33","guid":{"rendered":"http:\/\/www.kohlhof.de\/kohlhof\/?p=1305"},"modified":"2008-11-26T08:35:33","modified_gmt":"2008-11-26T07:35:33","slug":"advents-stanzen","status":"publish","type":"post","link":"https:\/\/www.kohlhof.de\/kohlhof\/2008\/11\/26\/advents-stanzen\/","title":{"rendered":"Advents-Stanzen"},"content":{"rendered":"<div class='__iawmlf-post-loop-links' style='display:none;' data-iawmlf-post-links='[]'><\/div>\n<p>Nun \u00f6ffnen also die Weihnachtsm\u00e4rkte. Mal sehen, wie oft man in diesem Jahr in den Zeitungen lesen kann und muss, dass \u00fcberall der &#8220;Duft von gebrannten Mandeln und Gl\u00fchwein&#8221; \u00fcber die Buden weht. So ein Bl\u00f6dsinn. In den seltensten F\u00e4llen ist ein Jahrmarkt zur Adventszeit komplett in ein Aroma aus Mandeln und hei\u00dfem Wein mit Gew\u00fcrzen getaucht. Die Formulierung ist nur eine dieser Stanzen, mit denen die Atmosph\u00e4re auf Adventsm\u00e4rkten m\u00f6glichst gem\u00fctlich beschrieben werden soll. Die &#8220;leuchtenden Kinderaugen&#8221; entstammen derselben Kategorie.<\/p>\n<p>Was den Duft angeht, so ist doch beim Dr\u00e4ngeln zwischen den Buden auch nicht mehr zu riechen als bei einem Spaziergang an derselben Stelle eine Woche vor Beginn des Adeventsmarktes. Und wenn es dann doch mal nach etwas riecht &#8211; was unter freiem Himmel vor allem bei Windtsille wahrzunehmen sein d\u00fcrfte &#8211; , dann ist das auch nicht zwangsl\u00e4ufig ein zarter Hauch. Formulierungen wie diese vom Weihnachtsmarkt-Duft geh\u00f6ren ins Museum in die Abteilung &#8220;Formulierungen, die einmal oder noch nie gut waren&#8221;. Dort stehen sie dann zwischen Exponaten wie &#8220;F\u00fcr das leibliche Wohl ist gesorgt&#8221;, &#8220;S\u00fc\u00dfer die Kassen nie klingeln&#8221;, &#8220;Alle Jahre wieder&#8230;&#8221; und &#8220;wie es weiter geht, bleibt abzuwarten&#8221;. Darunter dann ein Schild: &#8220;Diese Formulierunegn waren zuletzt zum Ende des 20. Jahrhunderts als allgemein gut und witzig anerkannt.&#8221;<\/p>\n<p>EDIT: Der Warnowkurier l\u00e4sst es schon mal duften: &#8220;In den vier Adventswochen duftet es vom Donnerstag , 27. November, bis 22. Dezember vom Rostocker Neuen Markt bis zum Kr\u00f6peliner Tor nach regionalen und exotischen Spezialit\u00e4ten&#8221;. Ist es nicht sch\u00f6n?<\/p>\n","protected":false},"excerpt":{"rendered":"<p>Nun \u00f6ffnen also die Weihnachtsm\u00e4rkte. Mal sehen, wie oft man in diesem Jahr in den Zeitungen lesen kann und muss, dass \u00fcberall der &#8220;Duft von gebrannten Mandeln und Gl\u00fchwein&#8221; \u00fcber die Buden weht. So ein Bl\u00f6dsinn. In den seltensten F\u00e4llen ist ein Jahrmarkt zur Adventszeit komplett in ein Aroma aus Mandeln und hei\u00dfem Wein mit &hellip; <a href=\"https:\/\/www.kohlhof.de\/kohlhof\/2008\/11\/26\/advents-stanzen\/\" class=\"more-link\"><span class=\"screen-reader-text\">\u201eAdvents-Stanzen\u201c <\/span>weiterlesen<\/a><\/p>\n","protected":false},"author":55,"featured_media":0,"comment_status":"open","ping_status":"open","sticky":false,"template":"","format":"standard","meta":{"h5ap_radio_sources":[],"jetpack_post_was_ever_published":false,"_jetpack_newsletter_access":"","_jetpack_dont_email_post_to_subs":false,"_jetpack_newsletter_tier_id":0,"_jetpack_memberships_contains_paywalled_content":false,"_jetpack_memberships_contains_paid_content":false,"activitypub_content_warning":"","activitypub_content_visibility":"","activitypub_max_image_attachments":4,"activitypub_interaction_policy_quote":"anyone","activitypub_status":"","footnotes":"","jetpack_publicize_message":"","jetpack_publicize_feature_enabled":true,"jetpack_social_post_already_shared":false,"jetpack_social_options":{"image_generator_settings":{"template":"highway","default_image_id":0,"font":"","enabled":false},"version":2}},"categories":[2],"tags":[569,260,641,643],"class_list":["post-1305","post","type-post","status-publish","format-standard","hentry","category-politik-und-verwaltung","tag-advent","tag-deutsch","tag-journalismus","tag-sprache"],"jetpack_publicize_connections":[],"jetpack_featured_media_url":"","jetpack_sharing_enabled":true,"jetpack_shortlink":"https:\/\/wp.me\/paimI-l3","jetpack-related-posts":[],"_links":{"self":[{"href":"https:\/\/www.kohlhof.de\/kohlhof\/wp-json\/wp\/v2\/posts\/1305","targetHints":{"allow":["GET"]}}],"collection":[{"href":"https:\/\/www.kohlhof.de\/kohlhof\/wp-json\/wp\/v2\/posts"}],"about":[{"href":"https:\/\/www.kohlhof.de\/kohlhof\/wp-json\/wp\/v2\/types\/post"}],"author":[{"embeddable":true,"href":"https:\/\/www.kohlhof.de\/kohlhof\/wp-json\/wp\/v2\/users\/55"}],"replies":[{"embeddable":true,"href":"https:\/\/www.kohlhof.de\/kohlhof\/wp-json\/wp\/v2\/comments?post=1305"}],"version-history":[{"count":0,"href":"https:\/\/www.kohlhof.de\/kohlhof\/wp-json\/wp\/v2\/posts\/1305\/revisions"}],"wp:attachment":[{"href":"https:\/\/www.kohlhof.de\/kohlhof\/wp-json\/wp\/v2\/media?parent=1305"}],"wp:term":[{"taxonomy":"category","embeddable":true,"href":"https:\/\/www.kohlhof.de\/kohlhof\/wp-json\/wp\/v2\/categories?post=1305"},{"taxonomy":"post_tag","embeddable":true,"href":"https:\/\/www.kohlhof.de\/kohlhof\/wp-json\/wp\/v2\/tags?post=1305"}],"curies":[{"name":"wp","href":"https:\/\/api.w.org\/{rel}","templated":true}]}}