{"id":1650,"date":"2009-02-23T13:11:51","date_gmt":"2009-02-23T12:11:51","guid":{"rendered":"http:\/\/www.kohlhof.de\/kohlhof\/?p=1650"},"modified":"2009-02-23T13:11:51","modified_gmt":"2009-02-23T12:11:51","slug":"lubeck-album","status":"publish","type":"post","link":"https:\/\/www.kohlhof.de\/kohlhof\/2009\/02\/23\/lubeck-album\/","title":{"rendered":"L\u00fcbeck-Album"},"content":{"rendered":"<div class='__iawmlf-post-loop-links' style='display:none;' data-iawmlf-post-links='[{&quot;id&quot;:576,&quot;href&quot;:&quot;http:\\\/\\\/www.luebeck.de\\\/tourismus\\\/sightseeing\\\/sehenswuerdigkeiten\\\/objekte\\\/hoeveln.html&quot;,&quot;archived_href&quot;:&quot;http:\\\/\\\/web-wp.archive.org\\\/web\\\/20110904025730\\\/http:\\\/\\\/www.luebeck.de:80\\\/tourismus\\\/sightseeing\\\/sehenswuerdigkeiten\\\/objekte\\\/hoeveln.html&quot;,&quot;redirect_href&quot;:&quot;&quot;,&quot;checks&quot;:[{&quot;date&quot;:&quot;2026-02-11 11:58:27&quot;,&quot;http_code&quot;:200},{&quot;date&quot;:&quot;2026-02-25 14:51:49&quot;,&quot;http_code&quot;:200},{&quot;date&quot;:&quot;2026-03-04 19:18:57&quot;,&quot;http_code&quot;:503},{&quot;date&quot;:&quot;2026-04-06 21:58:43&quot;,&quot;http_code&quot;:503},{&quot;date&quot;:&quot;2026-04-15 13:11:11&quot;,&quot;http_code&quot;:503},{&quot;date&quot;:&quot;2026-04-22 04:07:08&quot;,&quot;http_code&quot;:503},{&quot;date&quot;:&quot;2026-04-25 08:28:33&quot;,&quot;http_code&quot;:200}],&quot;broken&quot;:false,&quot;last_checked&quot;:{&quot;date&quot;:&quot;2026-04-25 08:28:33&quot;,&quot;http_code&quot;:200},&quot;process&quot;:&quot;done&quot;}]'><\/div>\n<p>L\u00fcbeck mal wieder &#8211; das Wochenende bescherte mir einen abwechslungsreichen Besuch in der Heimat,\u00a0 in diesem Fall als Reiseleiter. Beweisfotos:<\/p>\n<figure id=\"attachment_1643\" aria-describedby=\"caption-attachment-1643\" style=\"width: 470px\" class=\"wp-caption alignleft\"><a href=\"http:\/\/www.luebeck.de\/tourismus\/sightseeing\/sehenswuerdigkeiten\/objekte\/hoeveln.html\"><img loading=\"lazy\" decoding=\"async\" data-attachment-id=\"1643\" data-permalink=\"https:\/\/www.kohlhof.de\/kohlhof\/2009\/02\/23\/lubeck-album\/luebeck_01\/\" data-orig-file=\"https:\/\/www.kohlhof.de\/kohlhof\/wp-content\/uploads\/2009\/02\/luebeck_01.jpg\" data-orig-size=\"470,627\" data-comments-opened=\"1\" data-image-meta=\"{&quot;aperture&quot;:&quot;0&quot;,&quot;credit&quot;:&quot;&quot;,&quot;camera&quot;:&quot;&quot;,&quot;caption&quot;:&quot;&quot;,&quot;created_timestamp&quot;:&quot;0&quot;,&quot;copyright&quot;:&quot;&quot;,&quot;focal_length&quot;:&quot;0&quot;,&quot;iso&quot;:&quot;0&quot;,&quot;shutter_speed&quot;:&quot;0&quot;,&quot;title&quot;:&quot;&quot;}\" data-image-title=\"luebeck_01\" data-image-description=\"\" data-image-caption=\"\" data-large-file=\"https:\/\/www.kohlhof.de\/kohlhof\/wp-content\/uploads\/2009\/02\/luebeck_01.jpg\" class=\"size-full wp-image-1643\" title=\"Von-H\u00f6veln-Gang\" src=\"https:\/\/www.kohlhof.de\/kohlhof\/wp-content\/uploads\/2009\/02\/luebeck_01.jpg\" alt=\"luebeck_01\" width=\"470\" height=\"627\" srcset=\"https:\/\/www.kohlhof.de\/kohlhof\/wp-content\/uploads\/2009\/02\/luebeck_01.jpg 470w, https:\/\/www.kohlhof.de\/kohlhof\/wp-content\/uploads\/2009\/02\/luebeck_01-224x300.jpg 224w\" sizes=\"auto, (max-width: 470px) 85vw, 470px\" \/><\/a><figcaption id=\"caption-attachment-1643\" class=\"wp-caption-text\">Einblick: Die T\u00fcr zum Van-H\u00f6veln-Gang ist meistens verschlossen. Am Sonnabend war ein kurzer Blick hinter die Kulissen m\u00f6glich. Foto: Judith Mielke<\/figcaption><\/figure>\n<figure id=\"attachment_1644\" aria-describedby=\"caption-attachment-1644\" style=\"width: 470px\" class=\"wp-caption alignleft\"><img loading=\"lazy\" decoding=\"async\" data-attachment-id=\"1644\" data-permalink=\"https:\/\/www.kohlhof.de\/kohlhof\/2009\/02\/23\/lubeck-album\/luebeck_02\/\" data-orig-file=\"https:\/\/www.kohlhof.de\/kohlhof\/wp-content\/uploads\/2009\/02\/luebeck_02.jpg\" data-orig-size=\"470,627\" data-comments-opened=\"1\" data-image-meta=\"{&quot;aperture&quot;:&quot;0&quot;,&quot;credit&quot;:&quot;&quot;,&quot;camera&quot;:&quot;&quot;,&quot;caption&quot;:&quot;&quot;,&quot;created_timestamp&quot;:&quot;0&quot;,&quot;copyright&quot;:&quot;&quot;,&quot;focal_length&quot;:&quot;0&quot;,&quot;iso&quot;:&quot;0&quot;,&quot;shutter_speed&quot;:&quot;0&quot;,&quot;title&quot;:&quot;&quot;}\" data-image-title=\"luebeck_02\" data-image-description=\"\" data-image-caption=\"\" data-large-file=\"https:\/\/www.kohlhof.de\/kohlhof\/wp-content\/uploads\/2009\/02\/luebeck_02.jpg\" class=\"size-full wp-image-1644\" title=\"luebeck_02\" src=\"https:\/\/www.kohlhof.de\/kohlhof\/wp-content\/uploads\/2009\/02\/luebeck_02.jpg\" alt=\"luebeck_02\" width=\"470\" height=\"627\" srcset=\"https:\/\/www.kohlhof.de\/kohlhof\/wp-content\/uploads\/2009\/02\/luebeck_02.jpg 470w, https:\/\/www.kohlhof.de\/kohlhof\/wp-content\/uploads\/2009\/02\/luebeck_02-224x300.jpg 224w\" sizes=\"auto, (max-width: 470px) 85vw, 470px\" \/><figcaption id=\"caption-attachment-1644\" class=\"wp-caption-text\">Adventskalender: Die Fensterl\u00e4den an diesen Backsteingiebeln erinnern doch irgendwie an die Vorweihnachtszeit. Foto: Judith Mielke<\/figcaption><\/figure>\n<p><!--more--><\/p>\n<figure id=\"attachment_1645\" aria-describedby=\"caption-attachment-1645\" style=\"width: 470px\" class=\"wp-caption alignleft\"><img loading=\"lazy\" decoding=\"async\" data-attachment-id=\"1645\" data-permalink=\"https:\/\/www.kohlhof.de\/kohlhof\/2009\/02\/23\/lubeck-album\/luebeck_03\/\" data-orig-file=\"https:\/\/www.kohlhof.de\/kohlhof\/wp-content\/uploads\/2009\/02\/luebeck_03.jpg\" data-orig-size=\"470,352\" data-comments-opened=\"1\" data-image-meta=\"{&quot;aperture&quot;:&quot;0&quot;,&quot;credit&quot;:&quot;&quot;,&quot;camera&quot;:&quot;&quot;,&quot;caption&quot;:&quot;&quot;,&quot;created_timestamp&quot;:&quot;0&quot;,&quot;copyright&quot;:&quot;&quot;,&quot;focal_length&quot;:&quot;0&quot;,&quot;iso&quot;:&quot;0&quot;,&quot;shutter_speed&quot;:&quot;0&quot;,&quot;title&quot;:&quot;&quot;}\" data-image-title=\"luebeck_03\" data-image-description=\"\" data-image-caption=\"\" data-large-file=\"https:\/\/www.kohlhof.de\/kohlhof\/wp-content\/uploads\/2009\/02\/luebeck_03.jpg\" class=\"size-full wp-image-1645\" title=\"luebeck_03\" src=\"https:\/\/www.kohlhof.de\/kohlhof\/wp-content\/uploads\/2009\/02\/luebeck_03.jpg\" alt=\"luebeck_03\" width=\"470\" height=\"352\" srcset=\"https:\/\/www.kohlhof.de\/kohlhof\/wp-content\/uploads\/2009\/02\/luebeck_03.jpg 470w, https:\/\/www.kohlhof.de\/kohlhof\/wp-content\/uploads\/2009\/02\/luebeck_03-300x224.jpg 300w\" sizes=\"auto, (max-width: 470px) 85vw, 470px\" \/><figcaption id=\"caption-attachment-1645\" class=\"wp-caption-text\">Suchmeldung: An der Fassade der Katharinenkirche hat eine Mama eine eindeutig bebilderte Suchmeldung nach einem verschwundenen Kuscheltier befestigt. Foto: Christian Kohlhof<\/figcaption><\/figure>\n<figure id=\"attachment_1646\" aria-describedby=\"caption-attachment-1646\" style=\"width: 470px\" class=\"wp-caption alignleft\"><img loading=\"lazy\" decoding=\"async\" data-attachment-id=\"1646\" data-permalink=\"https:\/\/www.kohlhof.de\/kohlhof\/2009\/02\/23\/lubeck-album\/luebeck_04\/\" data-orig-file=\"https:\/\/www.kohlhof.de\/kohlhof\/wp-content\/uploads\/2009\/02\/luebeck_04.jpg\" data-orig-size=\"470,352\" data-comments-opened=\"1\" data-image-meta=\"{&quot;aperture&quot;:&quot;0&quot;,&quot;credit&quot;:&quot;&quot;,&quot;camera&quot;:&quot;&quot;,&quot;caption&quot;:&quot;&quot;,&quot;created_timestamp&quot;:&quot;0&quot;,&quot;copyright&quot;:&quot;&quot;,&quot;focal_length&quot;:&quot;0&quot;,&quot;iso&quot;:&quot;0&quot;,&quot;shutter_speed&quot;:&quot;0&quot;,&quot;title&quot;:&quot;&quot;}\" data-image-title=\"luebeck_04\" data-image-description=\"\" data-image-caption=\"\" data-large-file=\"https:\/\/www.kohlhof.de\/kohlhof\/wp-content\/uploads\/2009\/02\/luebeck_04.jpg\" class=\"size-full wp-image-1646\" title=\"luebeck_04\" src=\"https:\/\/www.kohlhof.de\/kohlhof\/wp-content\/uploads\/2009\/02\/luebeck_04.jpg\" alt=\"luebeck_04\" width=\"470\" height=\"352\" srcset=\"https:\/\/www.kohlhof.de\/kohlhof\/wp-content\/uploads\/2009\/02\/luebeck_04.jpg 470w, https:\/\/www.kohlhof.de\/kohlhof\/wp-content\/uploads\/2009\/02\/luebeck_04-300x224.jpg 300w\" sizes=\"auto, (max-width: 470px) 85vw, 470px\" \/><figcaption id=\"caption-attachment-1646\" class=\"wp-caption-text\">\u00dcbersicht: Auch bei diesigem Wetter bietet sich von der Aussichtsplattform auf dem Kirchturm von St. Petri ein guter \u00dcberblick \u00fcber L\u00fcbeck. Foto: Christian Kohlhof <\/figcaption><\/figure>\n<figure id=\"attachment_1647\" aria-describedby=\"caption-attachment-1647\" style=\"width: 470px\" class=\"wp-caption alignleft\"><img loading=\"lazy\" decoding=\"async\" data-attachment-id=\"1647\" data-permalink=\"https:\/\/www.kohlhof.de\/kohlhof\/2009\/02\/23\/lubeck-album\/luebeck_05\/\" data-orig-file=\"https:\/\/www.kohlhof.de\/kohlhof\/wp-content\/uploads\/2009\/02\/luebeck_05.jpg\" data-orig-size=\"470,627\" data-comments-opened=\"1\" data-image-meta=\"{&quot;aperture&quot;:&quot;0&quot;,&quot;credit&quot;:&quot;&quot;,&quot;camera&quot;:&quot;&quot;,&quot;caption&quot;:&quot;&quot;,&quot;created_timestamp&quot;:&quot;0&quot;,&quot;copyright&quot;:&quot;&quot;,&quot;focal_length&quot;:&quot;0&quot;,&quot;iso&quot;:&quot;0&quot;,&quot;shutter_speed&quot;:&quot;0&quot;,&quot;title&quot;:&quot;&quot;}\" data-image-title=\"luebeck_05\" data-image-description=\"\" data-image-caption=\"\" data-large-file=\"https:\/\/www.kohlhof.de\/kohlhof\/wp-content\/uploads\/2009\/02\/luebeck_05.jpg\" class=\"size-full wp-image-1647\" title=\"luebeck_05\" src=\"https:\/\/www.kohlhof.de\/kohlhof\/wp-content\/uploads\/2009\/02\/luebeck_05.jpg\" alt=\"luebeck_05\" width=\"470\" height=\"627\" srcset=\"https:\/\/www.kohlhof.de\/kohlhof\/wp-content\/uploads\/2009\/02\/luebeck_05.jpg 470w, https:\/\/www.kohlhof.de\/kohlhof\/wp-content\/uploads\/2009\/02\/luebeck_05-224x300.jpg 224w\" sizes=\"auto, (max-width: 470px) 85vw, 470px\" \/><figcaption id=\"caption-attachment-1647\" class=\"wp-caption-text\">Verkniffen: Seit Jahrhunderten ziert dieses Gesicht das Gel\u00e4nder rund um die Kanzel im Dom zu L\u00fcbeck. Eine eint\u00f6nige Arbeit - daher wohl auch der freudlose Blick... Foto: Judith Mielke<\/figcaption><\/figure>\n<figure id=\"attachment_1648\" aria-describedby=\"caption-attachment-1648\" style=\"width: 470px\" class=\"wp-caption alignleft\"><img loading=\"lazy\" decoding=\"async\" data-attachment-id=\"1648\" data-permalink=\"https:\/\/www.kohlhof.de\/kohlhof\/2009\/02\/23\/lubeck-album\/luebeck_06\/\" data-orig-file=\"https:\/\/www.kohlhof.de\/kohlhof\/wp-content\/uploads\/2009\/02\/luebeck_06.jpg\" data-orig-size=\"470,627\" data-comments-opened=\"1\" data-image-meta=\"{&quot;aperture&quot;:&quot;0&quot;,&quot;credit&quot;:&quot;&quot;,&quot;camera&quot;:&quot;&quot;,&quot;caption&quot;:&quot;&quot;,&quot;created_timestamp&quot;:&quot;0&quot;,&quot;copyright&quot;:&quot;&quot;,&quot;focal_length&quot;:&quot;0&quot;,&quot;iso&quot;:&quot;0&quot;,&quot;shutter_speed&quot;:&quot;0&quot;,&quot;title&quot;:&quot;&quot;}\" data-image-title=\"luebeck_06\" data-image-description=\"\" data-image-caption=\"\" data-large-file=\"https:\/\/www.kohlhof.de\/kohlhof\/wp-content\/uploads\/2009\/02\/luebeck_06.jpg\" class=\"size-full wp-image-1648\" title=\"luebeck_06\" src=\"https:\/\/www.kohlhof.de\/kohlhof\/wp-content\/uploads\/2009\/02\/luebeck_06.jpg\" alt=\"luebeck_06\" width=\"470\" height=\"627\" srcset=\"https:\/\/www.kohlhof.de\/kohlhof\/wp-content\/uploads\/2009\/02\/luebeck_06.jpg 470w, https:\/\/www.kohlhof.de\/kohlhof\/wp-content\/uploads\/2009\/02\/luebeck_06-224x300.jpg 224w\" sizes=\"auto, (max-width: 470px) 85vw, 470px\" \/><figcaption id=\"caption-attachment-1648\" class=\"wp-caption-text\">Spiegelverkehrt: Die auf Hochglanz polierte Fensterbank im Marzipan-Salon bei Niederegger erlaubt ungewohnte Blickwinkel aufs Rathaus gegen\u00fcber. Foto: Judith Mielke<\/figcaption><\/figure>\n<figure id=\"attachment_1649\" aria-describedby=\"caption-attachment-1649\" style=\"width: 470px\" class=\"wp-caption alignleft\"><img loading=\"lazy\" decoding=\"async\" data-attachment-id=\"1649\" data-permalink=\"https:\/\/www.kohlhof.de\/kohlhof\/2009\/02\/23\/lubeck-album\/luebeck_07\/\" data-orig-file=\"https:\/\/www.kohlhof.de\/kohlhof\/wp-content\/uploads\/2009\/02\/luebeck_07.jpg\" data-orig-size=\"470,352\" data-comments-opened=\"1\" data-image-meta=\"{&quot;aperture&quot;:&quot;0&quot;,&quot;credit&quot;:&quot;&quot;,&quot;camera&quot;:&quot;&quot;,&quot;caption&quot;:&quot;&quot;,&quot;created_timestamp&quot;:&quot;0&quot;,&quot;copyright&quot;:&quot;&quot;,&quot;focal_length&quot;:&quot;0&quot;,&quot;iso&quot;:&quot;0&quot;,&quot;shutter_speed&quot;:&quot;0&quot;,&quot;title&quot;:&quot;&quot;}\" data-image-title=\"luebeck_07\" data-image-description=\"\" data-image-caption=\"\" data-large-file=\"https:\/\/www.kohlhof.de\/kohlhof\/wp-content\/uploads\/2009\/02\/luebeck_07.jpg\" class=\"size-full wp-image-1649\" title=\"luebeck_07\" src=\"https:\/\/www.kohlhof.de\/kohlhof\/wp-content\/uploads\/2009\/02\/luebeck_07.jpg\" alt=\"luebeck_07\" width=\"470\" height=\"352\" srcset=\"https:\/\/www.kohlhof.de\/kohlhof\/wp-content\/uploads\/2009\/02\/luebeck_07.jpg 470w, https:\/\/www.kohlhof.de\/kohlhof\/wp-content\/uploads\/2009\/02\/luebeck_07-300x224.jpg 300w\" sizes=\"auto, (max-width: 470px) 85vw, 470px\" \/><figcaption id=\"caption-attachment-1649\" class=\"wp-caption-text\">Abgegriffen: Diese Skulptur ist eindeutig ein... richtig: ein T\u00fcrdr\u00fccker. An einer Kapelle von St. Marien. Foto: Christian Kohlhof<\/figcaption><\/figure>\n<figure id=\"attachment_1642\" aria-describedby=\"caption-attachment-1642\" style=\"width: 470px\" class=\"wp-caption alignleft\"><img loading=\"lazy\" decoding=\"async\" data-attachment-id=\"1642\" data-permalink=\"https:\/\/www.kohlhof.de\/kohlhof\/2009\/02\/23\/lubeck-album\/luebeck_08\/\" data-orig-file=\"https:\/\/www.kohlhof.de\/kohlhof\/wp-content\/uploads\/2009\/02\/luebeck_08.jpg\" data-orig-size=\"470,353\" data-comments-opened=\"1\" data-image-meta=\"{&quot;aperture&quot;:&quot;0&quot;,&quot;credit&quot;:&quot;&quot;,&quot;camera&quot;:&quot;&quot;,&quot;caption&quot;:&quot;&quot;,&quot;created_timestamp&quot;:&quot;0&quot;,&quot;copyright&quot;:&quot;&quot;,&quot;focal_length&quot;:&quot;0&quot;,&quot;iso&quot;:&quot;0&quot;,&quot;shutter_speed&quot;:&quot;0&quot;,&quot;title&quot;:&quot;&quot;}\" data-image-title=\"luebeck_08\" data-image-description=\"\" data-image-caption=\"\" data-large-file=\"https:\/\/www.kohlhof.de\/kohlhof\/wp-content\/uploads\/2009\/02\/luebeck_08.jpg\" class=\"size-full wp-image-1642\" title=\"luebeck_08\" src=\"https:\/\/www.kohlhof.de\/kohlhof\/wp-content\/uploads\/2009\/02\/luebeck_08.jpg\" alt=\"luebeck_08\" width=\"470\" height=\"353\" srcset=\"https:\/\/www.kohlhof.de\/kohlhof\/wp-content\/uploads\/2009\/02\/luebeck_08.jpg 470w, https:\/\/www.kohlhof.de\/kohlhof\/wp-content\/uploads\/2009\/02\/luebeck_08-300x225.jpg 300w\" sizes=\"auto, (max-width: 470px) 85vw, 470px\" \/><figcaption id=\"caption-attachment-1642\" class=\"wp-caption-text\">Praktisch: Dieses Fahrrad mit Sonderausstattung inklusive Flaschen\u00f6ffner ist eindeutiger Beweis daf\u00fcr, dass Erfindungsreichtum und Gesch\u00e4ftssinn der L\u00fcbecker seit den Jahrhunderten der Hanse in keiner Weise nachgelassen haben... Foto: Judith Mielke<\/figcaption><\/figure>\n","protected":false},"excerpt":{"rendered":"<p>L\u00fcbeck mal wieder &#8211; das Wochenende bescherte mir einen abwechslungsreichen Besuch in der Heimat,\u00a0 in diesem Fall als Reiseleiter. Beweisfotos:<\/p>\n","protected":false},"author":55,"featured_media":0,"comment_status":"open","ping_status":"open","sticky":false,"template":"","format":"standard","meta":{"h5ap_radio_sources":[],"jetpack_post_was_ever_published":false,"_jetpack_newsletter_access":"","_jetpack_dont_email_post_to_subs":false,"_jetpack_newsletter_tier_id":0,"_jetpack_memberships_contains_paywalled_content":false,"_jetpack_memberships_contains_paid_content":false,"activitypub_content_warning":"","activitypub_content_visibility":"","activitypub_max_image_attachments":4,"activitypub_interaction_policy_quote":"anyone","activitypub_status":"","footnotes":"","jetpack_publicize_message":"","jetpack_publicize_feature_enabled":true,"jetpack_social_post_already_shared":false,"jetpack_social_options":{"image_generator_settings":{"template":"highway","default_image_id":0,"font":"","enabled":false},"version":2}},"categories":[2],"tags":[183,73],"class_list":["post-1650","post","type-post","status-publish","format-standard","hentry","category-politik-und-verwaltung","tag-fotos","tag-lubeck"],"jetpack_publicize_connections":[],"jetpack_featured_media_url":"","jetpack_sharing_enabled":true,"jetpack_shortlink":"https:\/\/wp.me\/paimI-qC","jetpack-related-posts":[],"_links":{"self":[{"href":"https:\/\/www.kohlhof.de\/kohlhof\/wp-json\/wp\/v2\/posts\/1650","targetHints":{"allow":["GET"]}}],"collection":[{"href":"https:\/\/www.kohlhof.de\/kohlhof\/wp-json\/wp\/v2\/posts"}],"about":[{"href":"https:\/\/www.kohlhof.de\/kohlhof\/wp-json\/wp\/v2\/types\/post"}],"author":[{"embeddable":true,"href":"https:\/\/www.kohlhof.de\/kohlhof\/wp-json\/wp\/v2\/users\/55"}],"replies":[{"embeddable":true,"href":"https:\/\/www.kohlhof.de\/kohlhof\/wp-json\/wp\/v2\/comments?post=1650"}],"version-history":[{"count":0,"href":"https:\/\/www.kohlhof.de\/kohlhof\/wp-json\/wp\/v2\/posts\/1650\/revisions"}],"wp:attachment":[{"href":"https:\/\/www.kohlhof.de\/kohlhof\/wp-json\/wp\/v2\/media?parent=1650"}],"wp:term":[{"taxonomy":"category","embeddable":true,"href":"https:\/\/www.kohlhof.de\/kohlhof\/wp-json\/wp\/v2\/categories?post=1650"},{"taxonomy":"post_tag","embeddable":true,"href":"https:\/\/www.kohlhof.de\/kohlhof\/wp-json\/wp\/v2\/tags?post=1650"}],"curies":[{"name":"wp","href":"https:\/\/api.w.org\/{rel}","templated":true}]}}