{"id":1688,"date":"2009-03-25T02:11:41","date_gmt":"2009-03-25T01:11:41","guid":{"rendered":"http:\/\/www.kohlhof.de\/kohlhof\/?p=1688"},"modified":"2009-03-25T03:24:50","modified_gmt":"2009-03-25T02:24:50","slug":"jetzt-aber","status":"publish","type":"post","link":"https:\/\/www.kohlhof.de\/kohlhof\/2009\/03\/25\/jetzt-aber\/","title":{"rendered":"Jetzt aber!"},"content":{"rendered":"<div class='__iawmlf-post-loop-links' style='display:none;' data-iawmlf-post-links='[{&quot;id&quot;:568,&quot;href&quot;:&quot;http:\\\/\\\/de.wikipedia.org\\\/wiki\\\/Hademar_Bankhofer_(Autor)&quot;,&quot;archived_href&quot;:&quot;http:\\\/\\\/web-wp.archive.org\\\/web\\\/20260211114959\\\/https:\\\/\\\/de.wikipedia.org\\\/wiki\\\/Hademar_Bankhofer_(Autor)&quot;,&quot;redirect_href&quot;:&quot;https:\\\/\\\/de.wikipedia.org\\\/wiki\\\/Hademar_Bankhofer_(Autor)&quot;,&quot;checks&quot;:[{&quot;date&quot;:&quot;2026-03-16 06:32:11&quot;,&quot;http_code&quot;:200}],&quot;broken&quot;:false,&quot;last_checked&quot;:{&quot;date&quot;:&quot;2026-03-16 06:32:11&quot;,&quot;http_code&quot;:200},&quot;process&quot;:&quot;done&quot;},{&quot;id&quot;:569,&quot;href&quot;:&quot;http:\\\/\\\/www.gesundheitswelten.com\\\/bankhofer.asp&quot;,&quot;archived_href&quot;:&quot;http:\\\/\\\/web-wp.archive.org\\\/web\\\/20090813154411\\\/http:\\\/\\\/www.gesundheitswelten.com:80\\\/bankhofer.asp&quot;,&quot;redirect_href&quot;:&quot;&quot;,&quot;checks&quot;:[{&quot;date&quot;:&quot;2026-02-11 11:47:26&quot;,&quot;http_code&quot;:200},{&quot;date&quot;:&quot;2026-03-16 06:32:11&quot;,&quot;http_code&quot;:200}],&quot;broken&quot;:false,&quot;last_checked&quot;:{&quot;date&quot;:&quot;2026-03-16 06:32:11&quot;,&quot;http_code&quot;:200},&quot;process&quot;:&quot;done&quot;},{&quot;id&quot;:570,&quot;href&quot;:&quot;http:\\\/\\\/www.wallstein-verlag.de\\\/9783835304796.html&quot;,&quot;archived_href&quot;:&quot;http:\\\/\\\/web-wp.archive.org\\\/web\\\/20130120132415\\\/http:\\\/\\\/www.wallstein-verlag.de\\\/9783835304796.html&quot;,&quot;redirect_href&quot;:&quot;&quot;,&quot;checks&quot;:[{&quot;date&quot;:&quot;2026-02-11 11:47:29&quot;,&quot;http_code&quot;:200},{&quot;date&quot;:&quot;2026-03-16 06:32:12&quot;,&quot;http_code&quot;:200}],&quot;broken&quot;:false,&quot;last_checked&quot;:{&quot;date&quot;:&quot;2026-03-16 06:32:12&quot;,&quot;http_code&quot;:200},&quot;process&quot;:&quot;done&quot;},{&quot;id&quot;:571,&quot;href&quot;:&quot;http:\\\/\\\/www.litradio.net\\\/index.php?option=com_content&amp;view=article&amp;id=121:svealena-kutschke-etwas-kleines-gut-versiegeln&amp;catid=34:lesung-vortrag&amp;Itemid=88&quot;,&quot;archived_href&quot;:&quot;http:\\\/\\\/web-wp.archive.org\\\/web\\\/20260211115010\\\/https:\\\/\\\/www.litradio.net\\\/index.php?option=com_content&quot;,&quot;redirect_href&quot;:&quot;https:\\\/\\\/www.litradio.net\\\/index.php?option=com_content&quot;,&quot;checks&quot;:[{&quot;date&quot;:&quot;2026-03-16 06:32:13&quot;,&quot;http_code&quot;:200}],&quot;broken&quot;:false,&quot;last_checked&quot;:{&quot;date&quot;:&quot;2026-03-16 06:32:13&quot;,&quot;http_code&quot;:200},&quot;process&quot;:&quot;done&quot;}]'><\/div>\n<p style=\"text-align: center;\"><strong>Der M\u00e4rz im Zeitraffer: Landesfunkhaus &#8211; Buchmesse &#8211; Kurzmeldungen<\/strong><\/p>\n<p>Neuer Job, neuer Tagesablauf &#8211; Seit Anfang M\u00e4rz arbeite ich nun also im NDR-Landesfunkhaus in Schwerin f\u00fcr die Magazinredaktion, was auch die Besucher dieser Internetseite zu sp\u00fcren bekommen: Ich habe derzeit kaum noch Mu\u00dfe, hier gro\u00dfartig zu posten.<\/p>\n<figure id=\"attachment_1704\" aria-describedby=\"caption-attachment-1704\" style=\"width: 470px\" class=\"wp-caption alignleft\"><img loading=\"lazy\" decoding=\"async\" data-attachment-id=\"1704\" data-permalink=\"https:\/\/www.kohlhof.de\/kohlhof\/2009\/03\/25\/jetzt-aber\/buchmesse_01\/\" data-orig-file=\"https:\/\/www.kohlhof.de\/kohlhof\/wp-content\/uploads\/2009\/03\/buchmesse_01.jpg\" data-orig-size=\"470,328\" data-comments-opened=\"1\" data-image-meta=\"{&quot;aperture&quot;:&quot;0&quot;,&quot;credit&quot;:&quot;&quot;,&quot;camera&quot;:&quot;&quot;,&quot;caption&quot;:&quot;&quot;,&quot;created_timestamp&quot;:&quot;0&quot;,&quot;copyright&quot;:&quot;&quot;,&quot;focal_length&quot;:&quot;0&quot;,&quot;iso&quot;:&quot;0&quot;,&quot;shutter_speed&quot;:&quot;0&quot;,&quot;title&quot;:&quot;&quot;}\" data-image-title=\"buchmesse_01\" data-image-description=\"&lt;p&gt;In den Messehallen und im Congresszentrum sah man auch Shaolin-K\u00e4mpfer und Katzen Rolltreppe fahren &amp;#8230;&lt;\/p&gt;\n\" data-image-caption=\"&lt;p&gt;Shaolin folgt Katze&lt;\/p&gt;\n\" data-large-file=\"https:\/\/www.kohlhof.de\/kohlhof\/wp-content\/uploads\/2009\/03\/buchmesse_01.jpg\" class=\"size-full wp-image-1704\" src=\"https:\/\/www.kohlhof.de\/kohlhof\/wp-content\/uploads\/2009\/03\/buchmesse_01.jpg\" alt=\"Shaolin folgt Katze\" width=\"470\" height=\"328\" srcset=\"https:\/\/www.kohlhof.de\/kohlhof\/wp-content\/uploads\/2009\/03\/buchmesse_01.jpg 470w, https:\/\/www.kohlhof.de\/kohlhof\/wp-content\/uploads\/2009\/03\/buchmesse_01-300x209.jpg 300w\" sizes=\"auto, (max-width: 470px) 85vw, 470px\" \/><figcaption id=\"caption-attachment-1704\" class=\"wp-caption-text\">In den Messehallen und im Congresszentrum sah man auch Shaolin-K\u00e4mpfer und Katzen Rolltreppe fahren ... (alle Fotos: Christian Kohlhof)<\/figcaption><\/figure>\n<p>Das liegt vor allem daran, dass ich in Schwerin viele neue Dinge lernen muss: Da geht es um Klangelemente und wie und wann man sie einsetzen kann. Es geht um zus\u00e4tzliche Software und wie man sie effektiv nutzen kann und es geht um viele Debatten mit Kollegen, wie man Themen im Radio umsetzen kann. Dazu kommen dann noch die Fahrten von und zur Arbeit. W\u00e4hrend ich in der Redaktion allm\u00e4hlich die wesentlichen Dinge beherrsche, werde ich mich an das t\u00e4gliche Hin- und Herfahren ziwschen Rostock und Schwerin so schnell nicht gew\u00f6hnen. Gut, dass ich ab April ein Zimmer in Schwerin haben werde. Wenn also der Weg in den Feierabend im kommenden Monat nicht mehr fast eineinhalb Stunden, sondern nur noch 15 Minuten dauern wird, erh\u00f6ht sich hier hoffentlich auch wieder die Zahl der Beitr\u00e4ge. Hier kann ich jetzt nur einige Dinge zusammenfassend nachreichen &#8211; und eine Fotoreportage von der Buchmesse in Leipzig bieten.<!--more--><\/p>\n<p>Da w\u00e4re zun\u00e4chst das Wochenende in Leipzig &#8211; mit Dauerkarte auf der Buchmesse. Ein buntes Stelldichein rennomierter Autoren &#8211; und Manga-Fans. In Halle 2 f\u00fcr Kinder-, Jugend- und Schulbuchverlage gabs auch ne riesige Ecke mit Comics. Speziell die Freunde von Mangas betrachten die Leipziger Literaturmesse als ihr Eldorado und tauchen dort in Gestalt ihrer gezeichneten Lieblinge auf.<\/p>\n<p>Das wirkt dann wie das Stelldichein der Superhelden, missgl\u00fcckter Laborexperimente und \u00fcbernat\u00fcrlicher Kuscheltiere.<\/p>\n<figure id=\"attachment_1708\" aria-describedby=\"caption-attachment-1708\" style=\"width: 220px\" class=\"wp-caption alignright\"><img loading=\"lazy\" decoding=\"async\" data-attachment-id=\"1708\" data-permalink=\"https:\/\/www.kohlhof.de\/kohlhof\/2009\/03\/25\/jetzt-aber\/buchmesse_021\/\" data-orig-file=\"https:\/\/www.kohlhof.de\/kohlhof\/wp-content\/uploads\/2009\/03\/buchmesse_021.jpg\" data-orig-size=\"220,429\" data-comments-opened=\"1\" data-image-meta=\"{&quot;aperture&quot;:&quot;0&quot;,&quot;credit&quot;:&quot;&quot;,&quot;camera&quot;:&quot;&quot;,&quot;caption&quot;:&quot;&quot;,&quot;created_timestamp&quot;:&quot;0&quot;,&quot;copyright&quot;:&quot;&quot;,&quot;focal_length&quot;:&quot;0&quot;,&quot;iso&quot;:&quot;0&quot;,&quot;shutter_speed&quot;:&quot;0&quot;,&quot;title&quot;:&quot;&quot;}\" data-image-title=\"buchmesse_021\" data-image-description=\"&lt;p&gt;&amp;#8230; Superheldinnen mit F\u00f6nfrisur &amp;#8230;&lt;\/p&gt;\n\" data-image-caption=\"\" data-large-file=\"https:\/\/www.kohlhof.de\/kohlhof\/wp-content\/uploads\/2009\/03\/buchmesse_021.jpg\" class=\"size-full wp-image-1708\" src=\"https:\/\/www.kohlhof.de\/kohlhof\/wp-content\/uploads\/2009\/03\/buchmesse_021.jpg\" alt=\"buchmesse_021\" width=\"220\" height=\"429\" \/><figcaption id=\"caption-attachment-1708\" class=\"wp-caption-text\">... Superheldinnen mit F\u00f6nfrisur ...<\/figcaption><\/figure>\n<p>Es sind hunderte, wenn nicht sogar tausende Figuren, die sich auf dem Messegel\u00e4nde herumtreiben &#8211; nicht nur bei den Comicst\u00e4nden, sondern gern auch mal bei den Fachverlagen, wo es B\u00fccher \u00fcber s\u00e4chsische Architektur, Akupunktur oder Maschinenbau gibt. Die Vertreter nehmen den bunten Besuch mit gro\u00dfer Gelassenheit zur Kenntnis &#8211; schlie\u00dflich ist das ein weitgehend harmloses, friedliches  (manchmal leider aber verschwitzt m\u00fcffelndes) V\u00f6lkchen von 13- bis 23-J\u00e4hrigen, das da bei der Messe einf\u00e4llt. Beachtenswert ist vor allem die Perfektion, die manche Verkleidungen aufweisen. Billig sind Kutten, Fl\u00fcgel, Umh\u00e4nge, Papp-Schwerter und wallende Kleider gewiss nicht.<\/p>\n<figure id=\"attachment_1714\" aria-describedby=\"caption-attachment-1714\" style=\"width: 470px\" class=\"wp-caption alignleft\"><img loading=\"lazy\" decoding=\"async\" data-attachment-id=\"1714\" data-permalink=\"https:\/\/www.kohlhof.de\/kohlhof\/2009\/03\/25\/jetzt-aber\/buchmesse_03\/\" data-orig-file=\"https:\/\/www.kohlhof.de\/kohlhof\/wp-content\/uploads\/2009\/03\/buchmesse_03.jpg\" data-orig-size=\"470,302\" data-comments-opened=\"1\" data-image-meta=\"{&quot;aperture&quot;:&quot;0&quot;,&quot;credit&quot;:&quot;&quot;,&quot;camera&quot;:&quot;&quot;,&quot;caption&quot;:&quot;&quot;,&quot;created_timestamp&quot;:&quot;0&quot;,&quot;copyright&quot;:&quot;&quot;,&quot;focal_length&quot;:&quot;0&quot;,&quot;iso&quot;:&quot;0&quot;,&quot;shutter_speed&quot;:&quot;0&quot;,&quot;title&quot;:&quot;&quot;}\" data-image-title=\"buchmesse_03\" data-image-description=\"&lt;p&gt;&amp;#8230; und Eisb\u00e4ren mit Pl\u00fcschfutter. Allerdings: Nicht alle Besucher der Comicabteilung auf der Leipziger &amp;#8230; &lt;\/p&gt;\n\" data-image-caption=\"\" data-large-file=\"https:\/\/www.kohlhof.de\/kohlhof\/wp-content\/uploads\/2009\/03\/buchmesse_03.jpg\" class=\"size-full wp-image-1714\" src=\"https:\/\/www.kohlhof.de\/kohlhof\/wp-content\/uploads\/2009\/03\/buchmesse_03.jpg\" alt=\"buchmesse_03\" width=\"470\" height=\"302\" srcset=\"https:\/\/www.kohlhof.de\/kohlhof\/wp-content\/uploads\/2009\/03\/buchmesse_03.jpg 470w, https:\/\/www.kohlhof.de\/kohlhof\/wp-content\/uploads\/2009\/03\/buchmesse_03-300x192.jpg 300w\" sizes=\"auto, (max-width: 470px) 85vw, 470px\" \/><figcaption id=\"caption-attachment-1714\" class=\"wp-caption-text\">... und Eisb\u00e4ren mit Pl\u00fcschfutter. Allerdings: Nicht alle Besucher der Comicabteilung auf der Leipziger Buchmesse ... <\/figcaption><\/figure>\n<p>Allerdings: Nicht alle Comicfreunde scheinen zu wissen, dass auch \u00fcberirdische Typen ganz weltliche Problemzonen haben k\u00f6nnen. Vielen scheint vollkommen unbekannt zu sein, was ein angemessenes Outfit f\u00fcr Superhelden ist.<br \/>\nSo ist man gewzungen, auch Schwabbelb\u00e4uche unter hauchd\u00fcnnen Spaghettitr\u00e4gern ansehen zu m\u00fcssen, obwohl man sich eigentlich gerade f\u00fcr neue Handb\u00fccher \u00fcber PHP5 oder die Vereinten Nationen informieren will.<\/p>\n<figure id=\"attachment_1721\" aria-describedby=\"caption-attachment-1721\" style=\"width: 470px\" class=\"wp-caption alignleft\"><img loading=\"lazy\" decoding=\"async\" data-attachment-id=\"1721\" data-permalink=\"https:\/\/www.kohlhof.de\/kohlhof\/2009\/03\/25\/jetzt-aber\/buchmesse_04\/\" data-orig-file=\"https:\/\/www.kohlhof.de\/kohlhof\/wp-content\/uploads\/2009\/03\/buchmesse_04.jpg\" data-orig-size=\"470,292\" data-comments-opened=\"1\" data-image-meta=\"{&quot;aperture&quot;:&quot;0&quot;,&quot;credit&quot;:&quot;&quot;,&quot;camera&quot;:&quot;&quot;,&quot;caption&quot;:&quot;&quot;,&quot;created_timestamp&quot;:&quot;0&quot;,&quot;copyright&quot;:&quot;&quot;,&quot;focal_length&quot;:&quot;0&quot;,&quot;iso&quot;:&quot;0&quot;,&quot;shutter_speed&quot;:&quot;0&quot;,&quot;title&quot;:&quot;&quot;}\" data-image-title=\"buchmesse_04\" data-image-description=\"&lt;p&gt;&amp;#8230; waren vorteilhaft kost\u00fcmiert. Im Gegenteil.&lt;\/p&gt;\n\" data-image-caption=\"\" data-large-file=\"https:\/\/www.kohlhof.de\/kohlhof\/wp-content\/uploads\/2009\/03\/buchmesse_04.jpg\" class=\"size-full wp-image-1721\" src=\"https:\/\/www.kohlhof.de\/kohlhof\/wp-content\/uploads\/2009\/03\/buchmesse_04.jpg\" alt=\"buchmesse_04\" width=\"470\" height=\"292\" srcset=\"https:\/\/www.kohlhof.de\/kohlhof\/wp-content\/uploads\/2009\/03\/buchmesse_04.jpg 470w, https:\/\/www.kohlhof.de\/kohlhof\/wp-content\/uploads\/2009\/03\/buchmesse_04-300x186.jpg 300w\" sizes=\"auto, (max-width: 470px) 85vw, 470px\" \/><figcaption id=\"caption-attachment-1721\" class=\"wp-caption-text\">\u2026 waren vorteilhaft kost\u00fcmiert. Im Gegenteil.<\/figcaption><\/figure>\n<p>Bei soviel Comictypen um einen herum f\u00e4llt es manchmal schon schwer, sich auf das zu konzentrieren, worum es eigentlich geht: B\u00fccher und ihre Verfasser. Wir haben Daniel Kehlmann gesehen. Von weitem. Weil sein &#8220;Ruhm&#8221; und die &#8220;Vermessung der Welt&#8221; echte Renner sind, war dort, wo er Auskunft \u00fcber sein Tun und Schreiben gab, kein Rankommen. Bei Ingrid Noll war das \u00e4hnlich schwierig. Sie erkl\u00e4rte dem Publikum, dass sie die Opfer in ihren unkonventionellen Kriminalgeschichten am liebsten auf ungew\u00f6hnliche Weise qu\u00e4lt anstatt sie plump in einem Blutbad umkommen zu lassen.<\/p>\n<figure id=\"attachment_1695\" aria-describedby=\"caption-attachment-1695\" style=\"width: 470px\" class=\"wp-caption alignleft\"><img loading=\"lazy\" decoding=\"async\" data-attachment-id=\"1695\" data-permalink=\"https:\/\/www.kohlhof.de\/kohlhof\/2009\/03\/25\/jetzt-aber\/buchmesse_05\/\" data-orig-file=\"https:\/\/www.kohlhof.de\/kohlhof\/wp-content\/uploads\/2009\/03\/buchmesse_05.jpg\" data-orig-size=\"470,313\" data-comments-opened=\"1\" data-image-meta=\"{&quot;aperture&quot;:&quot;0&quot;,&quot;credit&quot;:&quot;&quot;,&quot;camera&quot;:&quot;&quot;,&quot;caption&quot;:&quot;&quot;,&quot;created_timestamp&quot;:&quot;0&quot;,&quot;copyright&quot;:&quot;&quot;,&quot;focal_length&quot;:&quot;0&quot;,&quot;iso&quot;:&quot;0&quot;,&quot;shutter_speed&quot;:&quot;0&quot;,&quot;title&quot;:&quot;&quot;}\" data-image-title=\"buchmesse_05\" data-image-description=\"&lt;p&gt;An diesem Herrn Gutenberg gabs hingegen nichts auszusetzen. Der junge Mann kopierte im Auftrag des Gutenbergmuseums aus Mainz im gro\u00dfen Stil Bibelseiten an einem historischen Druckstock.&lt;\/p&gt;\n\" data-image-caption=\"\" data-large-file=\"https:\/\/www.kohlhof.de\/kohlhof\/wp-content\/uploads\/2009\/03\/buchmesse_05.jpg\" class=\"size-full wp-image-1695\" src=\"https:\/\/www.kohlhof.de\/kohlhof\/wp-content\/uploads\/2009\/03\/buchmesse_05.jpg\" alt=\"buchmesse_05\" width=\"470\" height=\"313\" srcset=\"https:\/\/www.kohlhof.de\/kohlhof\/wp-content\/uploads\/2009\/03\/buchmesse_05.jpg 470w, https:\/\/www.kohlhof.de\/kohlhof\/wp-content\/uploads\/2009\/03\/buchmesse_05-300x199.jpg 300w\" sizes=\"auto, (max-width: 470px) 85vw, 470px\" \/><figcaption id=\"caption-attachment-1695\" class=\"wp-caption-text\">An diesem Herrn Gutenberg gabs hingegen nichts auszusetzen. Der junge Mann kopierte im Auftrag des Gutenbergmuseums aus Mainz im gro\u00dfen Stil Bibelseiten an einem historischen Druckstock.<\/figcaption><\/figure>\n<p>Auf einer Lesung am Abend, beim Litpopfestival im Neuen Rathaus, organisiert von der mdr-Welle Sputnik hielt sich der Spa\u00df hingegen in Grenzen &#8211; das lag vor allem an einer uns\u00e4glich flachen Literaturshow, bei der Autoren wie Benjamin Lebert unter anderem die Frage beantworten mussten, warum denn zwei seiner B\u00fccher im Titel mit V\u00f6geln zu tun haben. Und auch der Plot der \u00fcber 60 Minuten sich hinziehenden Talkrunde war ebenso witz- wie ergebnislos. Angeblich wollten die beiden Ansager den besten Autoren casten &#8211; aber das ganze Showkonzept wirkte wie lieblos am Abend vorher zusammengeschustert. Und das trotz kurzer Einspielfilme (oder vielleicht gerade wegen dieser Schnipsel).<\/p>\n<p>Einzige Lichtblicke waren 1.) Tilman Rammstedt, der gekonnt und pointiert aus seinem &#8220;Der Kaiser von China&#8221; vortrug und 2.) Musiker Olli Schulz, der mit seiner Band einen sch\u00f6nen rockigen H\u00f6hepunkt bescherte und dabei auf den Bibo-Song verzichtete. Am besten hat mir der Song &#8220;Geheimdienst&#8221; gefallen: Ein Mann redet sich aus Liebe ein, dass seine Frau ihn\u00a0 nicht betr\u00fcgt, sondern im Auftrag eines Nachrichtendienstes sich leider woanders die Nacht um die Ohren schlagen muss.<\/p>\n<figure id=\"attachment_1696\" aria-describedby=\"caption-attachment-1696\" style=\"width: 470px\" class=\"wp-caption alignleft\"><img loading=\"lazy\" decoding=\"async\" data-attachment-id=\"1696\" data-permalink=\"https:\/\/www.kohlhof.de\/kohlhof\/2009\/03\/25\/jetzt-aber\/buchmesse_06\/\" data-orig-file=\"https:\/\/www.kohlhof.de\/kohlhof\/wp-content\/uploads\/2009\/03\/buchmesse_06.jpg\" data-orig-size=\"470,314\" data-comments-opened=\"1\" data-image-meta=\"{&quot;aperture&quot;:&quot;0&quot;,&quot;credit&quot;:&quot;&quot;,&quot;camera&quot;:&quot;&quot;,&quot;caption&quot;:&quot;&quot;,&quot;created_timestamp&quot;:&quot;0&quot;,&quot;copyright&quot;:&quot;&quot;,&quot;focal_length&quot;:&quot;0&quot;,&quot;iso&quot;:&quot;0&quot;,&quot;shutter_speed&quot;:&quot;0&quot;,&quot;title&quot;:&quot;&quot;}\" data-image-title=\"buchmesse_06\" data-image-description=\"&lt;p&gt;W\u00e4hrend der Buchmesse gabs in Leipzig gut 1500 Lesungen, Diskussionsrunden und Konzerte. An diesem Stand in Halle 5 standen die Autoren in einer Sprecherkabine &amp;#8211; f\u00fcr die Zuh\u00f6rer gabs Kopfh\u00f6rer.&lt;\/p&gt;\n\" data-image-caption=\"\" data-large-file=\"https:\/\/www.kohlhof.de\/kohlhof\/wp-content\/uploads\/2009\/03\/buchmesse_06.jpg\" class=\"size-full wp-image-1696\" src=\"https:\/\/www.kohlhof.de\/kohlhof\/wp-content\/uploads\/2009\/03\/buchmesse_06.jpg\" alt=\"buchmesse_06\" width=\"470\" height=\"314\" srcset=\"https:\/\/www.kohlhof.de\/kohlhof\/wp-content\/uploads\/2009\/03\/buchmesse_06.jpg 470w, https:\/\/www.kohlhof.de\/kohlhof\/wp-content\/uploads\/2009\/03\/buchmesse_06-300x200.jpg 300w\" sizes=\"auto, (max-width: 470px) 85vw, 470px\" \/><figcaption id=\"caption-attachment-1696\" class=\"wp-caption-text\">W\u00e4hrend der Buchmesse gabs in Leipzig gut 1500 Lesungen, Diskussionsrunden und Konzerte. An diesem Stand in Halle 5 standen die Autoren in einer Sprecherkabine - f\u00fcr die Zuh\u00f6rer gabs Kopfh\u00f6rer.<\/figcaption><\/figure>\n<p>Weil ich ja in Begeleitung einer Fachbuchh\u00e4ndlerin \u00fcber die Messe lief, kamen wir schnell mit einigen Verlagsleuten ins Gespr\u00e4ch. Und die berichteten uns vor allem davon, dass sie w\u00e4hrend der Messe t\u00e4glich beklaut werden. Gerade in der Nacht zuvor sei ein Band \u00fcber K\u00e4ltetechnik entwendet worden, berichtete einer. Und noch w\u00e4hrend wir plauderten, kam eine Kollegin hinzu und raunte nur: &#8220;Da hat sich gerade wieder einer bedient.&#8221;<\/p>\n<p>B\u00fccher kaufen kann man nur in der extra aufgebauten Messebuchhandlung. An den St\u00e4nden ansich ist Ankucken und Bl\u00e4ttern erlaubt. Trotzdem wird dort viel geklaut &#8211; weil dabei auch sehr spezielle Werke verschwinden, vermute ich jetzt einfach mal mit meinem laienhaften Kriminalisteninstinkt, dass das auch Auftragsdiebst\u00e4hle sind.<\/p>\n<figure id=\"attachment_1701\" aria-describedby=\"caption-attachment-1701\" style=\"width: 470px\" class=\"wp-caption alignleft\"><img loading=\"lazy\" decoding=\"async\" data-attachment-id=\"1701\" data-permalink=\"https:\/\/www.kohlhof.de\/kohlhof\/2009\/03\/25\/jetzt-aber\/buchmesse_11\/\" data-orig-file=\"https:\/\/www.kohlhof.de\/kohlhof\/wp-content\/uploads\/2009\/03\/buchmesse_11.jpg\" data-orig-size=\"470,352\" data-comments-opened=\"1\" data-image-meta=\"{&quot;aperture&quot;:&quot;0&quot;,&quot;credit&quot;:&quot;&quot;,&quot;camera&quot;:&quot;&quot;,&quot;caption&quot;:&quot;&quot;,&quot;created_timestamp&quot;:&quot;0&quot;,&quot;copyright&quot;:&quot;&quot;,&quot;focal_length&quot;:&quot;0&quot;,&quot;iso&quot;:&quot;0&quot;,&quot;shutter_speed&quot;:&quot;0&quot;,&quot;title&quot;:&quot;&quot;}\" data-image-title=\"buchmesse_11\" data-image-description=\"&lt;p&gt;An den St\u00e4nden der Verlage k\u00f6nnen sich Fachbesucher und Laien jede Menge B\u00fccher ansehen. Kaufen ist nicht vorgesehen. Zahlreiche Besucher nehmen trotzdem B\u00fccher mit &amp;#8211; ohne zu zahlen.&lt;\/p&gt;\n\" data-image-caption=\"\" data-large-file=\"https:\/\/www.kohlhof.de\/kohlhof\/wp-content\/uploads\/2009\/03\/buchmesse_11.jpg\" class=\"size-full wp-image-1701\" src=\"https:\/\/www.kohlhof.de\/kohlhof\/wp-content\/uploads\/2009\/03\/buchmesse_11.jpg\" alt=\"buchmesse_11\" width=\"470\" height=\"352\" srcset=\"https:\/\/www.kohlhof.de\/kohlhof\/wp-content\/uploads\/2009\/03\/buchmesse_11.jpg 470w, https:\/\/www.kohlhof.de\/kohlhof\/wp-content\/uploads\/2009\/03\/buchmesse_11-300x224.jpg 300w\" sizes=\"auto, (max-width: 470px) 85vw, 470px\" \/><figcaption id=\"caption-attachment-1701\" class=\"wp-caption-text\">An den St\u00e4nden der Verlage k\u00f6nnen sich Fachbesucher und Laien jede Menge B\u00fccher ansehen. Kaufen ist nicht vorgesehen. Zahlreiche Besucher nehmen trotzdem B\u00fccher mit - ohne zu zahlen.<\/figcaption><\/figure>\n<p>Tags\u00fcber das Gewusel, nachts die kaum bewachten Messehallen, dazu Aussteller, Lieferanten, Hostessen und Reinigungspersonal&#8230; B\u00fccher zu klauen scheint zur Messe dazuzugeh\u00f6ren.<\/p>\n<figure id=\"attachment_1697\" aria-describedby=\"caption-attachment-1697\" style=\"width: 470px\" class=\"wp-caption alignleft\"><img loading=\"lazy\" decoding=\"async\" data-attachment-id=\"1697\" data-permalink=\"https:\/\/www.kohlhof.de\/kohlhof\/2009\/03\/25\/jetzt-aber\/buchmesse_07\/\" data-orig-file=\"https:\/\/www.kohlhof.de\/kohlhof\/wp-content\/uploads\/2009\/03\/buchmesse_07.jpg\" data-orig-size=\"470,279\" data-comments-opened=\"1\" data-image-meta=\"{&quot;aperture&quot;:&quot;0&quot;,&quot;credit&quot;:&quot;&quot;,&quot;camera&quot;:&quot;&quot;,&quot;caption&quot;:&quot;&quot;,&quot;created_timestamp&quot;:&quot;0&quot;,&quot;copyright&quot;:&quot;&quot;,&quot;focal_length&quot;:&quot;0&quot;,&quot;iso&quot;:&quot;0&quot;,&quot;shutter_speed&quot;:&quot;0&quot;,&quot;title&quot;:&quot;&quot;}\" data-image-title=\"buchmesse_07\" data-image-description=\"&lt;p&gt;Selbst Gesetzestexte sind vor Langfingern nicht sicher.&lt;\/p&gt;\n\" data-image-caption=\"\" data-large-file=\"https:\/\/www.kohlhof.de\/kohlhof\/wp-content\/uploads\/2009\/03\/buchmesse_07.jpg\" class=\"size-full wp-image-1697\" src=\"https:\/\/www.kohlhof.de\/kohlhof\/wp-content\/uploads\/2009\/03\/buchmesse_07.jpg\" alt=\"buchmesse_07\" width=\"470\" height=\"279\" srcset=\"https:\/\/www.kohlhof.de\/kohlhof\/wp-content\/uploads\/2009\/03\/buchmesse_07.jpg 470w, https:\/\/www.kohlhof.de\/kohlhof\/wp-content\/uploads\/2009\/03\/buchmesse_07-300x178.jpg 300w\" sizes=\"auto, (max-width: 470px) 85vw, 470px\" \/><figcaption id=\"caption-attachment-1697\" class=\"wp-caption-text\">Gesetzesl\u00fccke: Selbst juristische Texte sind vor Langfingern nicht sicher.<\/figcaption><\/figure>\n<p>In der Messebuchhandlung gabs trotzdem noch genug Kundschaft. Wie die Fachbuchh\u00e4ndlerin meines Vertrauens versicherte, herrschte dort mehr Trubel als im wuseligsten Weihnachtsgesch\u00e4ft im heimischen Laden. Einige neue Ausgaben lagen gleich palettenweise bereit. Die Besucher haben gekauft, ohne R\u00fccksicht auf Verluste &#8211; und zum vollen Preis. Denn die Buchpreisbindung gilt auch auf einer Literaturmesse.<\/p>\n<figure id=\"attachment_1691\" aria-describedby=\"caption-attachment-1691\" style=\"width: 470px\" class=\"wp-caption alignleft\"><img loading=\"lazy\" decoding=\"async\" data-attachment-id=\"1691\" data-permalink=\"https:\/\/www.kohlhof.de\/kohlhof\/2009\/03\/25\/jetzt-aber\/buchmesse_12\/\" data-orig-file=\"https:\/\/www.kohlhof.de\/kohlhof\/wp-content\/uploads\/2009\/03\/buchmesse_12.jpg\" data-orig-size=\"470,352\" data-comments-opened=\"1\" data-image-meta=\"{&quot;aperture&quot;:&quot;0&quot;,&quot;credit&quot;:&quot;&quot;,&quot;camera&quot;:&quot;&quot;,&quot;caption&quot;:&quot;&quot;,&quot;created_timestamp&quot;:&quot;0&quot;,&quot;copyright&quot;:&quot;&quot;,&quot;focal_length&quot;:&quot;0&quot;,&quot;iso&quot;:&quot;0&quot;,&quot;shutter_speed&quot;:&quot;0&quot;,&quot;title&quot;:&quot;&quot;}\" data-image-title=\"buchmesse_12\" data-image-description=\"&lt;p&gt;Manchen Ausstellern bleibt dann nur noch, frustriert ein paar Zettel aufzuh\u00e4ngen.&lt;\/p&gt;\n\" data-image-caption=\"\" data-large-file=\"https:\/\/www.kohlhof.de\/kohlhof\/wp-content\/uploads\/2009\/03\/buchmesse_12.jpg\" class=\"size-full wp-image-1691\" src=\"https:\/\/www.kohlhof.de\/kohlhof\/wp-content\/uploads\/2009\/03\/buchmesse_12.jpg\" alt=\"buchmesse_12\" width=\"470\" height=\"352\" srcset=\"https:\/\/www.kohlhof.de\/kohlhof\/wp-content\/uploads\/2009\/03\/buchmesse_12.jpg 470w, https:\/\/www.kohlhof.de\/kohlhof\/wp-content\/uploads\/2009\/03\/buchmesse_12-300x224.jpg 300w\" sizes=\"auto, (max-width: 470px) 85vw, 470px\" \/><figcaption id=\"caption-attachment-1691\" class=\"wp-caption-text\">Manchen Ausstellern bleibt dann nur noch, frustriert ein paar Zettel aufzuh\u00e4ngen.<\/figcaption><\/figure>\n<p>In diesem gigantischen Buchladen, der von mehreren Handlungen gleichzeitig betrieben wird, sind die B\u00e4nde gar nicht erst nach Genre, Titel oder Autoren geordnet, sondern in erster Linie nach Verlagen. Am Rande des Gewusels sa\u00df an einem kleinen Tischchen Medizinratgeber und Gesundheitscharmeur <a title=\"wikipedia \u00fcber Hademar Bankhofer\" href=\"http:\/\/de.wikipedia.org\/wiki\/Hademar_Bankhofer_(Autor)\">Hademar<\/a> Bankhofer (der mit den <a title=\"Internetseite von Baknhofer\" href=\"http:\/\/www.gesundheitswelten.com\/bankhofer.asp\">Halst\u00fcchern<\/a>) und wartete auf Besucher, denen er ein Autogramm geben konnte. Wir haben niemanden gesehen, der sich dort eine Unterschrift geholt hat.<\/p>\n<figure id=\"attachment_1698\" aria-describedby=\"caption-attachment-1698\" style=\"width: 205px\" class=\"wp-caption alignleft\"><img loading=\"lazy\" decoding=\"async\" data-attachment-id=\"1698\" data-permalink=\"https:\/\/www.kohlhof.de\/kohlhof\/2009\/03\/25\/jetzt-aber\/buchmesse_08\/\" data-orig-file=\"https:\/\/www.kohlhof.de\/kohlhof\/wp-content\/uploads\/2009\/03\/buchmesse_08.jpg\" data-orig-size=\"205,307\" data-comments-opened=\"1\" data-image-meta=\"{&quot;aperture&quot;:&quot;0&quot;,&quot;credit&quot;:&quot;&quot;,&quot;camera&quot;:&quot;&quot;,&quot;caption&quot;:&quot;&quot;,&quot;created_timestamp&quot;:&quot;0&quot;,&quot;copyright&quot;:&quot;&quot;,&quot;focal_length&quot;:&quot;0&quot;,&quot;iso&quot;:&quot;0&quot;,&quot;shutter_speed&quot;:&quot;0&quot;,&quot;title&quot;:&quot;&quot;}\" data-image-title=\"buchmesse_08\" data-image-description=\"&lt;p&gt;Dabei gibt es doch extra eine Messebuchhandlung.&lt;\/p&gt;\n\" data-image-caption=\"\" data-large-file=\"https:\/\/www.kohlhof.de\/kohlhof\/wp-content\/uploads\/2009\/03\/buchmesse_08.jpg\" class=\"size-full wp-image-1698\" src=\"https:\/\/www.kohlhof.de\/kohlhof\/wp-content\/uploads\/2009\/03\/buchmesse_08.jpg\" alt=\"buchmesse_08\" width=\"205\" height=\"307\" srcset=\"https:\/\/www.kohlhof.de\/kohlhof\/wp-content\/uploads\/2009\/03\/buchmesse_08.jpg 205w, https:\/\/www.kohlhof.de\/kohlhof\/wp-content\/uploads\/2009\/03\/buchmesse_08-200x300.jpg 200w\" sizes=\"auto, (max-width: 205px) 85vw, 205px\" \/><figcaption id=\"caption-attachment-1698\" class=\"wp-caption-text\">Dabei gibt es doch extra eine Messebuchhandlung.<\/figcaption><\/figure>\n<p>\u00dcberhaupt gab es nahezu jeder Ecke irgendwen zu sehen und zu h\u00f6ren. Inzwischen habe ich erfahren, dass auch jemand, den ich pers\u00f6nlich kenne, bzw. fr\u00fcher ganz gut kannte, auf der Messe sein neues Werk vorgestellt hat: <a title=\"Informationen \u00fcber das Buch von Svealena Kutschke\" href=\"http:\/\/www.wallstein-verlag.de\/9783835304796.html\">Svealena Kutschke<\/a> &#8211; sie ging wie ich aufs Katharineum, ein paar Jahrg\u00e4nge unter meinem. Und jetzt kann man sich sogar schon anh\u00f6ren, wie es klingt, wenn sie <a title=\"H\u00f6rprobe Svealena Kutschke\" href=\"http:\/\/www.litradio.net\/index.php?option=com_content&amp;view=article&amp;id=121:svealena-kutschke-etwas-kleines-gut-versiegeln&amp;catid=34:lesung-vortrag&amp;Itemid=88\">ihren eigenen Roman vorliest<\/a>.<\/p>\n<p>Ach ja, auch die ersten Kalender f\u00fcrs n\u00e4chste Jahr sind schon gedruckt &#8211; und H\u00f6rb\u00fccher gabs auch jede Menge. Einen kurzen Blick auf den E-Book-Reader von Sony konnte ich auch werfen. Die Seiten bauen sich meinem Eindruck nach zwar fl\u00fcssig, aber nicht blitzschnell auf. Daf\u00fcr scheint die Darstellung absolut augenfreundlich zu sein. Dumm nur, dass das Ding mehrere hundert Euro kostet.<\/p>\n<figure id=\"attachment_1699\" aria-describedby=\"caption-attachment-1699\" style=\"width: 470px\" class=\"wp-caption alignleft\"><img loading=\"lazy\" decoding=\"async\" data-attachment-id=\"1699\" data-permalink=\"https:\/\/www.kohlhof.de\/kohlhof\/2009\/03\/25\/jetzt-aber\/buchmesse_09\/\" data-orig-file=\"https:\/\/www.kohlhof.de\/kohlhof\/wp-content\/uploads\/2009\/03\/buchmesse_09.jpg\" data-orig-size=\"470,170\" data-comments-opened=\"1\" data-image-meta=\"{&quot;aperture&quot;:&quot;0&quot;,&quot;credit&quot;:&quot;&quot;,&quot;camera&quot;:&quot;&quot;,&quot;caption&quot;:&quot;&quot;,&quot;created_timestamp&quot;:&quot;0&quot;,&quot;copyright&quot;:&quot;&quot;,&quot;focal_length&quot;:&quot;0&quot;,&quot;iso&quot;:&quot;0&quot;,&quot;shutter_speed&quot;:&quot;0&quot;,&quot;title&quot;:&quot;&quot;}\" data-image-title=\"buchmesse_09\" data-image-description=\"&lt;p&gt;Zwischen Regalen, Kassen und palettenweise aufgestapelten B\u00fcchern herrschte der gr\u00f6\u00dfte Trubel.&lt;\/p&gt;\n\" data-image-caption=\"\" data-large-file=\"https:\/\/www.kohlhof.de\/kohlhof\/wp-content\/uploads\/2009\/03\/buchmesse_09.jpg\" class=\"size-full wp-image-1699\" src=\"https:\/\/www.kohlhof.de\/kohlhof\/wp-content\/uploads\/2009\/03\/buchmesse_09.jpg\" alt=\"buchmesse_09\" width=\"470\" height=\"170\" srcset=\"https:\/\/www.kohlhof.de\/kohlhof\/wp-content\/uploads\/2009\/03\/buchmesse_09.jpg 470w, https:\/\/www.kohlhof.de\/kohlhof\/wp-content\/uploads\/2009\/03\/buchmesse_09-300x108.jpg 300w\" sizes=\"auto, (max-width: 470px) 85vw, 470px\" \/><figcaption id=\"caption-attachment-1699\" class=\"wp-caption-text\">Zwischen Regalen, Kassen und palettenweise aufgestapelten B\u00fcchern herrschte der gr\u00f6\u00dfte Trubel.<\/figcaption><\/figure>\n<p>Bleibt noch die Frage zu kl\u00e4ren, was es mit diesem Foto auf sich hat:<\/p>\n<p><img loading=\"lazy\" decoding=\"async\" width=\"470\" height=\"235\" data-attachment-id=\"1685\" data-permalink=\"https:\/\/www.kohlhof.de\/kohlhof\/2009\/03\/20\/fruhling\/leipziger_allerlei\/\" data-orig-file=\"https:\/\/www.kohlhof.de\/kohlhof\/wp-content\/uploads\/2009\/03\/leipziger_allerlei.jpg\" data-orig-size=\"470,235\" data-comments-opened=\"1\" data-image-meta=\"{&quot;aperture&quot;:&quot;0&quot;,&quot;credit&quot;:&quot;&quot;,&quot;camera&quot;:&quot;&quot;,&quot;caption&quot;:&quot;&quot;,&quot;created_timestamp&quot;:&quot;0&quot;,&quot;copyright&quot;:&quot;&quot;,&quot;focal_length&quot;:&quot;0&quot;,&quot;iso&quot;:&quot;0&quot;,&quot;shutter_speed&quot;:&quot;0&quot;,&quot;title&quot;:&quot;&quot;}\" data-image-title=\"leipziger_allerlei\" data-image-description=\"\" data-image-caption=\"\" data-large-file=\"https:\/\/www.kohlhof.de\/kohlhof\/wp-content\/uploads\/2009\/03\/leipziger_allerlei.jpg\" class=\"alignleft size-full wp-image-1685\" src=\"https:\/\/www.kohlhof.de\/kohlhof\/wp-content\/uploads\/2009\/03\/leipziger_allerlei.jpg\" alt=\"leipziger_allerlei\" srcset=\"https:\/\/www.kohlhof.de\/kohlhof\/wp-content\/uploads\/2009\/03\/leipziger_allerlei.jpg 470w, https:\/\/www.kohlhof.de\/kohlhof\/wp-content\/uploads\/2009\/03\/leipziger_allerlei-300x150.jpg 300w\" sizes=\"auto, (max-width: 470px) 85vw, 470px\" \/>Weil ein Gang \u00fcber eine Messe eine kr\u00e4ftezehrende Angelegenheit ist, war es aus Sicht der Fachbuchh\u00e4ndlerin notwendig, sich beim Abendessen in unserer Unterkunft nicht nur allerlei herzhafte, sondern auch gleich noch die lang ersehnten s\u00fc\u00dfen Speisen auf den einzig vorhandenen Teller zu laden. Optik war in diesem Fall ausnahmsweise Nebensache.<\/p>\n<p>Hier nun noch ein kurzer Abriss aus der Rubrik: Was sonst noch geschah:<\/p>\n<ul>\n<li>&#8211; Habe am vergangenen Wochenende im Grand-Hotel in Heiligendamm bei einem literarischen Dinner Texte von Ehm Welk vorgelesen<\/li>\n<li>&#8211; Morgen ist auf ndr-info ein Beitrag von mir geplant. Esgeht um eine neue interdisziplin\u00e4re Klinik f\u00fcr Kinder und Jugendliche, die an psychosomatischen Symptomen leiden<\/li>\n<li>&#8211; Habe heute f\u00fcr unsere Fr\u00fchsendung zwei Sch\u00fclerinnen interviewt, die bei &#8220;Jugend forscht&#8221; mitmachen:\u00a0 Sie haben herausgefunden, das Akupunktur das Wachstum von Pflanzen f\u00f6rdern kann. Zu h\u00f6ren Mittwoch fr\u00fch<\/li>\n<li>&#8211; Die Morde von Winnenden haben mich sehr besch\u00e4ftigt. Allerdings auch einige Formen der Berichterstattung danach. Damit werde ich mich hoffentlich in den n\u00e4chsten Tagen hier noch einmal besch\u00e4ftigen k\u00f6nnen.<\/li>\n<li>&#8211; w\u00fcnsche der versammelten Leserschaft einen angenehmen Tag!<\/li>\n<\/ul>\n","protected":false},"excerpt":{"rendered":"<p>Der M\u00e4rz im Zeitraffer: Landesfunkhaus &#8211; Buchmesse &#8211; Kurzmeldungen Neuer Job, neuer Tagesablauf &#8211; Seit Anfang M\u00e4rz arbeite ich nun also im NDR-Landesfunkhaus in Schwerin f\u00fcr die Magazinredaktion, was auch die Besucher dieser Internetseite zu sp\u00fcren bekommen: Ich habe derzeit kaum noch Mu\u00dfe, hier gro\u00dfartig zu posten. Das liegt vor allem daran, dass ich in &hellip; <a href=\"https:\/\/www.kohlhof.de\/kohlhof\/2009\/03\/25\/jetzt-aber\/\" class=\"more-link\"><span class=\"screen-reader-text\">\u201eJetzt aber!\u201c <\/span>weiterlesen<\/a><\/p>\n","protected":false},"author":55,"featured_media":0,"comment_status":"open","ping_status":"open","sticky":false,"template":"","format":"standard","meta":{"h5ap_radio_sources":[],"jetpack_post_was_ever_published":false,"_jetpack_newsletter_access":"","_jetpack_dont_email_post_to_subs":false,"_jetpack_newsletter_tier_id":0,"_jetpack_memberships_contains_paywalled_content":false,"_jetpack_memberships_contains_paid_content":false,"activitypub_content_warning":"","activitypub_content_visibility":"","activitypub_max_image_attachments":4,"activitypub_interaction_policy_quote":"anyone","activitypub_status":"","footnotes":"","jetpack_publicize_message":"","jetpack_publicize_feature_enabled":true,"jetpack_social_post_already_shared":false,"jetpack_social_options":{"image_generator_settings":{"template":"highway","default_image_id":0,"font":"","enabled":false},"version":2}},"categories":[2],"tags":[236,619,183,99,96],"class_list":["post-1688","post","type-post","status-publish","format-standard","hentry","category-politik-und-verwaltung","tag-buch","tag-comic","tag-fotos","tag-literatur","tag-wirtschaft"],"jetpack_publicize_connections":[],"jetpack_featured_media_url":"","jetpack_sharing_enabled":true,"jetpack_shortlink":"https:\/\/wp.me\/paimI-re","jetpack-related-posts":[],"_links":{"self":[{"href":"https:\/\/www.kohlhof.de\/kohlhof\/wp-json\/wp\/v2\/posts\/1688","targetHints":{"allow":["GET"]}}],"collection":[{"href":"https:\/\/www.kohlhof.de\/kohlhof\/wp-json\/wp\/v2\/posts"}],"about":[{"href":"https:\/\/www.kohlhof.de\/kohlhof\/wp-json\/wp\/v2\/types\/post"}],"author":[{"embeddable":true,"href":"https:\/\/www.kohlhof.de\/kohlhof\/wp-json\/wp\/v2\/users\/55"}],"replies":[{"embeddable":true,"href":"https:\/\/www.kohlhof.de\/kohlhof\/wp-json\/wp\/v2\/comments?post=1688"}],"version-history":[{"count":0,"href":"https:\/\/www.kohlhof.de\/kohlhof\/wp-json\/wp\/v2\/posts\/1688\/revisions"}],"wp:attachment":[{"href":"https:\/\/www.kohlhof.de\/kohlhof\/wp-json\/wp\/v2\/media?parent=1688"}],"wp:term":[{"taxonomy":"category","embeddable":true,"href":"https:\/\/www.kohlhof.de\/kohlhof\/wp-json\/wp\/v2\/categories?post=1688"},{"taxonomy":"post_tag","embeddable":true,"href":"https:\/\/www.kohlhof.de\/kohlhof\/wp-json\/wp\/v2\/tags?post=1688"}],"curies":[{"name":"wp","href":"https:\/\/api.w.org\/{rel}","templated":true}]}}