{"id":1824,"date":"2009-04-27T22:50:53","date_gmt":"2009-04-27T20:50:53","guid":{"rendered":"http:\/\/www.kohlhof.de\/kohlhof\/?p=1824"},"modified":"2009-04-27T22:50:53","modified_gmt":"2009-04-27T20:50:53","slug":"symbolfoto","status":"publish","type":"post","link":"https:\/\/www.kohlhof.de\/kohlhof\/2009\/04\/27\/symbolfoto\/","title":{"rendered":"Symbolfoto"},"content":{"rendered":"<div class='__iawmlf-post-loop-links' style='display:none;' data-iawmlf-post-links='[{&quot;id&quot;:552,&quot;href&quot;:&quot;http:\\\/\\\/www.ndr1radiomv.de\\\/programm\\\/ratgeber\\\/schweinegrippe118-magnifier_i-0_p-0.html&quot;,&quot;archived_href&quot;:&quot;&quot;,&quot;redirect_href&quot;:&quot;https:\\\/\\\/www.ndr.de:443\\\/radiomv&quot;,&quot;checks&quot;:[],&quot;broken&quot;:false,&quot;last_checked&quot;:null,&quot;process&quot;:&quot;done&quot;},{&quot;id&quot;:553,&quot;href&quot;:&quot;http:\\\/\\\/www.spiegel.de\\\/fotostrecke\\\/fotostrecke-41888-17.html#backToArticle=621515&quot;,&quot;archived_href&quot;:&quot;http:\\\/\\\/web-wp.archive.org\\\/web\\\/20100410205728\\\/http:\\\/\\\/www.spiegel.de:80\\\/fotostrecke\\\/fotostrecke-41888-17.html&quot;,&quot;redirect_href&quot;:&quot;&quot;,&quot;checks&quot;:[{&quot;date&quot;:&quot;2026-02-11 11:28:58&quot;,&quot;http_code&quot;:404},{&quot;date&quot;:&quot;2026-02-20 19:45:21&quot;,&quot;http_code&quot;:404},{&quot;date&quot;:&quot;2026-03-23 12:11:47&quot;,&quot;http_code&quot;:404},{&quot;date&quot;:&quot;2026-03-27 10:55:46&quot;,&quot;http_code&quot;:404},{&quot;date&quot;:&quot;2026-04-05 05:12:59&quot;,&quot;http_code&quot;:404},{&quot;date&quot;:&quot;2026-04-10 05:55:29&quot;,&quot;http_code&quot;:404},{&quot;date&quot;:&quot;2026-04-16 12:56:20&quot;,&quot;http_code&quot;:404},{&quot;date&quot;:&quot;2026-04-22 12:47:28&quot;,&quot;http_code&quot;:404},{&quot;date&quot;:&quot;2026-04-26 11:30:23&quot;,&quot;http_code&quot;:404}],&quot;broken&quot;:true,&quot;last_checked&quot;:{&quot;date&quot;:&quot;2026-04-26 11:30:23&quot;,&quot;http_code&quot;:404},&quot;process&quot;:&quot;done&quot;}]'><\/div>\n<p>Es gibt wohl kein besseres Motiv (das sich hinter diesem Link:<a title=\"Link zu einem Foto von einem Liebespaar mit Mundschutz - auf ndr1radiomv.de\" href=\"http:\/\/www.ndr1radiomv.de\/programm\/ratgeber\/schweinegrippe118-magnifier_i-0_p-0.html\"> Klick<\/a> verbirgt), das die Sorge und die Furcht vor der Schweinegrippe illustriert: Ein P\u00e4rchen, offenbar in Mexiko, junger Mann und Frau tragen blaue Mundschutzt\u00fccher &#8211; und sie k\u00fcssen sich. Dadurch wird deutlich, wie gef\u00e4hrlich die Schweinegrippe eingesch\u00e4tzt wird &#8211; und wie die Furcht vor einer Ansteckung in Mexiko das allt\u00e4gliche Leben bestimmt. Damit wird auch illustriert, wie nach Auffassung von Fachleuten die Ausbreitung des Virus&#8217; verhindert werden kann: Tr\u00f6pfcheninfektionen, direkten, engen Kontakt vermeiden. Trotzdem, ein bisschen seltsam wirkt die Warnung vor einer Pandemie schon.<\/p>\n<p>Das Foto findet sich meinem Eindruck nach inzwischen auf nahezu jedem Nachrichtenportal im Internet. (Hier nat\u00fcrlich nicht, denn die Rechte an dem Bild liegen bei den Fotografen. Ja genau, ganz offensichtlich hatten <a title=\"Kussfoto auf Spiegel-Online\" href=\"http:\/\/www.spiegel.de\/fotostrecke\/fotostrecke-41888-17.html#backToArticle=621515\">mehrere<\/a> Fotoreporter die gleiche Idee bzw. die gleichen Chancen f\u00fcr das Motiv)<\/p>\n","protected":false},"excerpt":{"rendered":"<p>Es gibt wohl kein besseres Motiv (das sich hinter diesem Link: Klick verbirgt), das die Sorge und die Furcht vor der Schweinegrippe illustriert: Ein P\u00e4rchen, offenbar in Mexiko, junger Mann und Frau tragen blaue Mundschutzt\u00fccher &#8211; und sie k\u00fcssen sich. Dadurch wird deutlich, wie gef\u00e4hrlich die Schweinegrippe eingesch\u00e4tzt wird &#8211; und wie die Furcht vor &hellip; <a href=\"https:\/\/www.kohlhof.de\/kohlhof\/2009\/04\/27\/symbolfoto\/\" class=\"more-link\"><span class=\"screen-reader-text\">\u201eSymbolfoto\u201c <\/span>weiterlesen<\/a><\/p>\n","protected":false},"author":55,"featured_media":0,"comment_status":"open","ping_status":"open","sticky":false,"template":"","format":"standard","meta":{"h5ap_radio_sources":[],"jetpack_post_was_ever_published":false,"_jetpack_newsletter_access":"","_jetpack_dont_email_post_to_subs":false,"_jetpack_newsletter_tier_id":0,"_jetpack_memberships_contains_paywalled_content":false,"_jetpack_memberships_contains_paid_content":false,"activitypub_content_warning":"","activitypub_content_visibility":"","activitypub_max_image_attachments":4,"activitypub_interaction_policy_quote":"anyone","activitypub_status":"","footnotes":"","jetpack_publicize_message":"","jetpack_publicize_feature_enabled":true,"jetpack_social_post_already_shared":false,"jetpack_social_options":{"image_generator_settings":{"template":"highway","default_image_id":0,"font":"","enabled":false},"version":2}},"categories":[2],"tags":[630,629,641],"class_list":["post-1824","post","type-post","status-publish","format-standard","hentry","category-politik-und-verwaltung","tag-foto","tag-gesundheit","tag-journalismus"],"jetpack_publicize_connections":[],"jetpack_featured_media_url":"","jetpack_sharing_enabled":true,"jetpack_shortlink":"https:\/\/wp.me\/paimI-tq","jetpack-related-posts":[],"_links":{"self":[{"href":"https:\/\/www.kohlhof.de\/kohlhof\/wp-json\/wp\/v2\/posts\/1824","targetHints":{"allow":["GET"]}}],"collection":[{"href":"https:\/\/www.kohlhof.de\/kohlhof\/wp-json\/wp\/v2\/posts"}],"about":[{"href":"https:\/\/www.kohlhof.de\/kohlhof\/wp-json\/wp\/v2\/types\/post"}],"author":[{"embeddable":true,"href":"https:\/\/www.kohlhof.de\/kohlhof\/wp-json\/wp\/v2\/users\/55"}],"replies":[{"embeddable":true,"href":"https:\/\/www.kohlhof.de\/kohlhof\/wp-json\/wp\/v2\/comments?post=1824"}],"version-history":[{"count":0,"href":"https:\/\/www.kohlhof.de\/kohlhof\/wp-json\/wp\/v2\/posts\/1824\/revisions"}],"wp:attachment":[{"href":"https:\/\/www.kohlhof.de\/kohlhof\/wp-json\/wp\/v2\/media?parent=1824"}],"wp:term":[{"taxonomy":"category","embeddable":true,"href":"https:\/\/www.kohlhof.de\/kohlhof\/wp-json\/wp\/v2\/categories?post=1824"},{"taxonomy":"post_tag","embeddable":true,"href":"https:\/\/www.kohlhof.de\/kohlhof\/wp-json\/wp\/v2\/tags?post=1824"}],"curies":[{"name":"wp","href":"https:\/\/api.w.org\/{rel}","templated":true}]}}