{"id":186,"date":"2006-04-30T11:19:18","date_gmt":"2006-04-30T10:19:18","guid":{"rendered":"http:\/\/www.kohlhof.de\/kohlhof\/?p=186"},"modified":"2006-08-04T17:53:14","modified_gmt":"2006-08-04T15:53:14","slug":"die-bilder-der-woche","status":"publish","type":"post","link":"https:\/\/www.kohlhof.de\/kohlhof\/2006\/04\/30\/die-bilder-der-woche\/","title":{"rendered":"Die Bilder der Woche"},"content":{"rendered":"<div class='__iawmlf-post-loop-links' style='display:none;' data-iawmlf-post-links='[]'><\/div>\n<p>Umfangreiche berufliche Verpflichtungen haben mich in der zur\u00fcckliegenden Woche am Bloggen gehindert. Ich m\u00f6chte diese L\u00fccke gerne &#8211; wenn auch notd\u00fcrftig &#8211; schlie\u00dfen mit den Bildern der Woche.<\/p>\n<h4>Neptun im Nebel<\/h4>\n<p>Knackiges, sonniges, warmes Fr\u00fchlingswetter war angek\u00fcndigt &#8211; und was bekommt man bei einem Gang \u00fcber die Promenade von Warnem\u00fcnde zu sehen? Das Hotel Neptun in dicker Tunke, fast erweckt der dicke Nebel den Eindruck, von der luxuri\u00f6sen Herberge fehle ein St\u00fcck<\/p>\n<p><img loading=\"lazy\" decoding=\"async\" width=\"350\" height=\"454\" alt=\"Hotel Neptun Nebel\" src=\"https:\/\/www.kohlhof.de\/kohlhof\/wp-content\/uploads\/2006\/04\/neptunimnebel.jpg\" \/><\/p>\n<h4>Hummel im April<\/h4>\n<p>Ein schwarzer Fleck auf dem Fu\u00dfboden im Arbeitszimmer: Eine Hummel. Mit derartigen gefl\u00fcgelten Besuchern rechnet man ja eigentlich erst im Sommer. Das h\u00e4tte auch die Hummel wissen k\u00f6nnen: Die Tiere fliegen erst ab einer Temperatur von 8 Grad Celsius. In meiner Wohnung war es wohl k\u00e4lter. Das arme Tier jedenfalls hat den Ausflug in meine vier W\u00e4nde wegen der K\u00e4lte nicht \u00fcberlebt.<\/p>\n<p><img loading=\"lazy\" decoding=\"async\" width=\"350\" height=\"345\" alt=\"Hummel\" src=\"https:\/\/www.kohlhof.de\/kohlhof\/wp-content\/uploads\/2006\/04\/hummel.jpg\" \/><\/p>\n<h4>Haushaltshelfer im Bonuspack<\/h4>\n<p>Darauf haben Verbraucher viel zu lange warten m\u00fcssen. Doch jetzt endlich hat die Industrie dem Dr\u00e4ngen des Marktes nachgegeben und Nivea-Creme und Krepp-Klebeband im Aktionspack im Angebot. Wie sch\u00f6n: Zwei unverzichtbare Haushaltshelfer endlich vereint! Dieses Angebot stammt aus einem Tapeten- und Teppichmarkt am Rande der Stadt. Vielleicht dauert es jetzt ja auch nicht mehr lange, bis man endlich Fotoecken und Hackfleisch in einer Packung kaufen kann, oder Gartenst\u00fchle und Reis, Textmarker und Instant-Kaffee&#8230;<\/p>\n<p><img loading=\"lazy\" decoding=\"async\" width=\"350\" height=\"250\" alt=\"Nivea und Klebeband Aktionsangebot\" src=\"https:\/\/www.kohlhof.de\/kohlhof\/wp-content\/uploads\/2006\/04\/niveaundtesa.jpg\" \/><\/p>\n<h4>Gedr\u00e4ngel im Blumentopf<\/h4>\n<p>Schon mehrere Wochen lang sorgten die schlaffen Bl\u00e4tter des Hibiskus im Wohnzimmer f\u00fcr Verwunderung. Zu stark gegossen, zu wenig? Zu viel Licht, zu schattig? Zu warm, zu kalt? Sch\u00e4dlinge im Erdreich? Die Zeit war reif f\u00fcr neue Blumenerde &#8211; und dann auch gleich f\u00fcr einen gr\u00f6\u00dferen Topf. Diese Kaufentscheidung war eine besonders weise. Denn wie sich herausstellen sollte, hatte die arme Pflanze im Laufe der Jahre so viele Wurzeln gebildet, dass im geamten Topf fast kein Platz mehr f\u00fcr Erde und Granulat war. Eine Stunde hat es gedauert, das Wurzelgeflecht ein bisschen auszud\u00fcnnen, zu entwirren und von ausgelaugter alter Erde zu befreien und die Pflanze schlie\u00dflich in 50 Litern frischer Erde zu verankern. Jetzt gehts hoffentlich bergauf mit den Bl\u00e4ttern.<\/p>\n<p><img loading=\"lazy\" decoding=\"async\" width=\"350\" height=\"525\" alt=\"Hibiskus umtopfen\" src=\"https:\/\/www.kohlhof.de\/kohlhof\/wp-content\/uploads\/2006\/04\/hibiskus_wurzelwerk.jpg\" \/><\/p>\n","protected":false},"excerpt":{"rendered":"<p>Umfangreiche berufliche Verpflichtungen haben mich in der zur\u00fcckliegenden Woche am Bloggen gehindert. Ich m\u00f6chte diese L\u00fccke gerne &#8211; wenn auch notd\u00fcrftig &#8211; schlie\u00dfen mit den Bildern der Woche. Neptun im Nebel Knackiges, sonniges, warmes Fr\u00fchlingswetter war angek\u00fcndigt &#8211; und was bekommt man bei einem Gang \u00fcber die Promenade von Warnem\u00fcnde zu sehen? Das Hotel Neptun &hellip; <a href=\"https:\/\/www.kohlhof.de\/kohlhof\/2006\/04\/30\/die-bilder-der-woche\/\" class=\"more-link\"><span class=\"screen-reader-text\">\u201eDie Bilder der Woche\u201c <\/span>weiterlesen<\/a><\/p>\n","protected":false},"author":55,"featured_media":0,"comment_status":"open","ping_status":"open","sticky":false,"template":"","format":"standard","meta":{"h5ap_radio_sources":[],"jetpack_post_was_ever_published":false,"_jetpack_newsletter_access":"","_jetpack_dont_email_post_to_subs":false,"_jetpack_newsletter_tier_id":0,"_jetpack_memberships_contains_paywalled_content":false,"_jetpack_memberships_contains_paid_content":false,"activitypub_content_warning":"","activitypub_content_visibility":"","activitypub_max_image_attachments":4,"activitypub_interaction_policy_quote":"anyone","activitypub_status":"","footnotes":"","jetpack_publicize_message":"","jetpack_publicize_feature_enabled":true,"jetpack_social_post_already_shared":false,"jetpack_social_options":{"image_generator_settings":{"template":"highway","default_image_id":0,"font":"","enabled":false},"version":2}},"categories":[1],"tags":[183,19,636,64],"class_list":["post-186","post","type-post","status-publish","format-standard","hentry","category-allgemein","tag-fotos","tag-rostock","tag-tagebuch","tag-warnemunde"],"jetpack_publicize_connections":[],"jetpack_featured_media_url":"","jetpack_sharing_enabled":true,"jetpack_shortlink":"https:\/\/wp.me\/paimI-30","jetpack-related-posts":[],"_links":{"self":[{"href":"https:\/\/www.kohlhof.de\/kohlhof\/wp-json\/wp\/v2\/posts\/186","targetHints":{"allow":["GET"]}}],"collection":[{"href":"https:\/\/www.kohlhof.de\/kohlhof\/wp-json\/wp\/v2\/posts"}],"about":[{"href":"https:\/\/www.kohlhof.de\/kohlhof\/wp-json\/wp\/v2\/types\/post"}],"author":[{"embeddable":true,"href":"https:\/\/www.kohlhof.de\/kohlhof\/wp-json\/wp\/v2\/users\/55"}],"replies":[{"embeddable":true,"href":"https:\/\/www.kohlhof.de\/kohlhof\/wp-json\/wp\/v2\/comments?post=186"}],"version-history":[{"count":0,"href":"https:\/\/www.kohlhof.de\/kohlhof\/wp-json\/wp\/v2\/posts\/186\/revisions"}],"wp:attachment":[{"href":"https:\/\/www.kohlhof.de\/kohlhof\/wp-json\/wp\/v2\/media?parent=186"}],"wp:term":[{"taxonomy":"category","embeddable":true,"href":"https:\/\/www.kohlhof.de\/kohlhof\/wp-json\/wp\/v2\/categories?post=186"},{"taxonomy":"post_tag","embeddable":true,"href":"https:\/\/www.kohlhof.de\/kohlhof\/wp-json\/wp\/v2\/tags?post=186"}],"curies":[{"name":"wp","href":"https:\/\/api.w.org\/{rel}","templated":true}]}}