{"id":2237,"date":"2009-08-24T00:54:28","date_gmt":"2009-08-23T22:54:28","guid":{"rendered":"http:\/\/www.kohlhof.de\/kohlhof\/?p=2237"},"modified":"2009-08-24T00:54:28","modified_gmt":"2009-08-23T22:54:28","slug":"beeren-inferno","status":"publish","type":"post","link":"https:\/\/www.kohlhof.de\/kohlhof\/2009\/08\/24\/beeren-inferno\/","title":{"rendered":"Beeren-Inferno"},"content":{"rendered":"<div class='__iawmlf-post-loop-links' style='display:none;' data-iawmlf-post-links='[]'><\/div>\n<p>Blaubeeren und Brombeeren diagonal und im Wechsel \u00fcppig auf einem Bett aus Bisquitteig und Vanille-Creme verteilt, ergeben nicht nur einen wahrhaft verlockenden Anblick von oben&#8230;<\/p>\n<p><img loading=\"lazy\" decoding=\"async\" width=\"470\" height=\"359\" data-attachment-id=\"2238\" data-permalink=\"https:\/\/www.kohlhof.de\/kohlhof\/2009\/08\/24\/beeren-inferno\/blaubrombeerkuchenvonoben\/\" data-orig-file=\"https:\/\/www.kohlhof.de\/kohlhof\/wp-content\/uploads\/2009\/08\/blaubrombeerkuchenvonoben.jpg\" data-orig-size=\"470,359\" data-comments-opened=\"1\" data-image-meta=\"{&quot;aperture&quot;:&quot;0&quot;,&quot;credit&quot;:&quot;&quot;,&quot;camera&quot;:&quot;&quot;,&quot;caption&quot;:&quot;&quot;,&quot;created_timestamp&quot;:&quot;0&quot;,&quot;copyright&quot;:&quot;&quot;,&quot;focal_length&quot;:&quot;0&quot;,&quot;iso&quot;:&quot;0&quot;,&quot;shutter_speed&quot;:&quot;0&quot;,&quot;title&quot;:&quot;&quot;}\" data-image-title=\"blaubrombeerkuchenvonoben\" data-image-description=\"\" data-image-caption=\"\" data-large-file=\"https:\/\/www.kohlhof.de\/kohlhof\/wp-content\/uploads\/2009\/08\/blaubrombeerkuchenvonoben.jpg\" class=\"alignleft size-full wp-image-2238\" src=\"https:\/\/www.kohlhof.de\/kohlhof\/wp-content\/uploads\/2009\/08\/blaubrombeerkuchenvonoben.jpg\" alt=\"blaubrombeerkuchenvonoben\" srcset=\"https:\/\/www.kohlhof.de\/kohlhof\/wp-content\/uploads\/2009\/08\/blaubrombeerkuchenvonoben.jpg 470w, https:\/\/www.kohlhof.de\/kohlhof\/wp-content\/uploads\/2009\/08\/blaubrombeerkuchenvonoben-300x229.jpg 300w\" sizes=\"auto, (max-width: 470px) 85vw, 470px\" \/><\/p>\n<p>&#8230; sondern auch eine wahrlich schmackhafte Komposition s\u00fc\u00dfer Heidel- mit saftigen Brombeeren:<\/p>\n<p><img loading=\"lazy\" decoding=\"async\" width=\"470\" height=\"267\" data-attachment-id=\"2239\" data-permalink=\"https:\/\/www.kohlhof.de\/kohlhof\/2009\/08\/24\/beeren-inferno\/blaubrombeerkuchen\/\" data-orig-file=\"https:\/\/www.kohlhof.de\/kohlhof\/wp-content\/uploads\/2009\/08\/blaubrombeerkuchen.jpg\" data-orig-size=\"470,267\" data-comments-opened=\"1\" data-image-meta=\"{&quot;aperture&quot;:&quot;0&quot;,&quot;credit&quot;:&quot;&quot;,&quot;camera&quot;:&quot;&quot;,&quot;caption&quot;:&quot;&quot;,&quot;created_timestamp&quot;:&quot;0&quot;,&quot;copyright&quot;:&quot;&quot;,&quot;focal_length&quot;:&quot;0&quot;,&quot;iso&quot;:&quot;0&quot;,&quot;shutter_speed&quot;:&quot;0&quot;,&quot;title&quot;:&quot;&quot;}\" data-image-title=\"blaubrombeerkuchen\" data-image-description=\"\" data-image-caption=\"\" data-large-file=\"https:\/\/www.kohlhof.de\/kohlhof\/wp-content\/uploads\/2009\/08\/blaubrombeerkuchen.jpg\" class=\"alignleft size-full wp-image-2239\" src=\"https:\/\/www.kohlhof.de\/kohlhof\/wp-content\/uploads\/2009\/08\/blaubrombeerkuchen.jpg\" alt=\"blaubrombeerkuchen\" srcset=\"https:\/\/www.kohlhof.de\/kohlhof\/wp-content\/uploads\/2009\/08\/blaubrombeerkuchen.jpg 470w, https:\/\/www.kohlhof.de\/kohlhof\/wp-content\/uploads\/2009\/08\/blaubrombeerkuchen-300x170.jpg 300w\" sizes=\"auto, (max-width: 470px) 85vw, 470px\" \/><\/p>\n<p>Nebenbei ist damit auch bewiesen, dass sich <a title=\"Bastelanleitung f\u00fcr Erdbeertorte auf kohlhof.de, Link zum Rezept\" href=\"https:\/\/www.kohlhof.de\/kohlhof\/2009\/05\/29\/bastelanleitung\/\">dieses Rezept<\/a>, was den Fruchtanteil angeht, wohl nahezubeliebig variieren l\u00e4sst. Noch ein Brombeerk\u00f6rnchen besser w\u00e4re dieses Inferno aus S\u00fc\u00dfe und Vitaminen allerdings gewesen, wenn es in deutschen Superm\u00e4rkten auch Blaubeer- oder Brombeersaft zu kaufen g\u00e4be, mit dem man den Tortenguss anr\u00fchren kann. Aber Himbeersaft ist auch in Ordnung (auf die &#8220;Blaubeersuppe&#8221; aus der Lebensmittelabteilung des schwedischen Erstwohnungseinrichters sind wir leider erst gekommen, als dessen Schiebet\u00fcren sich l\u00e4ngst geschlossen hatten).<\/p>\n","protected":false},"excerpt":{"rendered":"<p>Blaubeeren und Brombeeren diagonal und im Wechsel \u00fcppig auf einem Bett aus Bisquitteig und Vanille-Creme verteilt, ergeben nicht nur einen wahrhaft verlockenden Anblick von oben&#8230; &#8230; sondern auch eine wahrlich schmackhafte Komposition s\u00fc\u00dfer Heidel- mit saftigen Brombeeren: Nebenbei ist damit auch bewiesen, dass sich dieses Rezept, was den Fruchtanteil angeht, wohl nahezubeliebig variieren l\u00e4sst. Noch &hellip; <a href=\"https:\/\/www.kohlhof.de\/kohlhof\/2009\/08\/24\/beeren-inferno\/\" class=\"more-link\"><span class=\"screen-reader-text\">\u201eBeeren-Inferno\u201c <\/span>weiterlesen<\/a><\/p>\n","protected":false},"author":55,"featured_media":0,"comment_status":"open","ping_status":"open","sticky":false,"template":"","format":"standard","meta":{"h5ap_radio_sources":[],"jetpack_post_was_ever_published":false,"_jetpack_newsletter_access":"","_jetpack_dont_email_post_to_subs":false,"_jetpack_newsletter_tier_id":0,"_jetpack_memberships_contains_paywalled_content":false,"_jetpack_memberships_contains_paid_content":false,"activitypub_content_warning":"","activitypub_content_visibility":"","activitypub_max_image_attachments":4,"activitypub_interaction_policy_quote":"anyone","activitypub_status":"","footnotes":"","jetpack_publicize_message":"","jetpack_publicize_feature_enabled":true,"jetpack_social_post_already_shared":false,"jetpack_social_options":{"image_generator_settings":{"template":"highway","default_image_id":0,"font":"","enabled":false},"version":2}},"categories":[1],"tags":[186,183,368,254,366],"class_list":["post-2237","post","type-post","status-publish","format-standard","hentry","category-allgemein","tag-essen","tag-fotos","tag-kuchen","tag-obst","tag-torte"],"jetpack_publicize_connections":[],"jetpack_featured_media_url":"","jetpack_sharing_enabled":true,"jetpack_shortlink":"https:\/\/wp.me\/paimI-A5","jetpack-related-posts":[],"_links":{"self":[{"href":"https:\/\/www.kohlhof.de\/kohlhof\/wp-json\/wp\/v2\/posts\/2237","targetHints":{"allow":["GET"]}}],"collection":[{"href":"https:\/\/www.kohlhof.de\/kohlhof\/wp-json\/wp\/v2\/posts"}],"about":[{"href":"https:\/\/www.kohlhof.de\/kohlhof\/wp-json\/wp\/v2\/types\/post"}],"author":[{"embeddable":true,"href":"https:\/\/www.kohlhof.de\/kohlhof\/wp-json\/wp\/v2\/users\/55"}],"replies":[{"embeddable":true,"href":"https:\/\/www.kohlhof.de\/kohlhof\/wp-json\/wp\/v2\/comments?post=2237"}],"version-history":[{"count":0,"href":"https:\/\/www.kohlhof.de\/kohlhof\/wp-json\/wp\/v2\/posts\/2237\/revisions"}],"wp:attachment":[{"href":"https:\/\/www.kohlhof.de\/kohlhof\/wp-json\/wp\/v2\/media?parent=2237"}],"wp:term":[{"taxonomy":"category","embeddable":true,"href":"https:\/\/www.kohlhof.de\/kohlhof\/wp-json\/wp\/v2\/categories?post=2237"},{"taxonomy":"post_tag","embeddable":true,"href":"https:\/\/www.kohlhof.de\/kohlhof\/wp-json\/wp\/v2\/tags?post=2237"}],"curies":[{"name":"wp","href":"https:\/\/api.w.org\/{rel}","templated":true}]}}