{"id":228,"date":"2006-05-23T18:01:22","date_gmt":"2006-05-23T16:01:22","guid":{"rendered":"http:\/\/www.kohlhof.de\/kohlhof\/?p=228"},"modified":"2006-08-04T17:37:22","modified_gmt":"2006-08-04T15:37:22","slug":"bar-mit-migrationshintergrund","status":"publish","type":"post","link":"https:\/\/www.kohlhof.de\/kohlhof\/2006\/05\/23\/bar-mit-migrationshintergrund\/","title":{"rendered":"B\u00e4r mit Migrationshintergrund"},"content":{"rendered":"<div class='__iawmlf-post-loop-links' style='display:none;' data-iawmlf-post-links='[]'><\/div>\n<p>Nach R\u00fctli jetzt also Teddy: Nachdem die Debatte um Fehler in der bundesdeutschen Integrationspolitik gerade wieder auf ein sachliches Ma\u00df zur\u00fcckzugehen scheint, sorgt der Zuzug eines namenlosen Braunb\u00e4ren \u00fcber die gr\u00fcne Grenze nach Deutschland f\u00fcr neue Diskussionen &#8211; wenn auch auf einem ganz anderen Niveau. Meister Petz kam aus Italien \u00fcber \u00d6sterreich in die Bundesrepublik, wo er in den vergangenen Tagen vor allem durch marodierendes Verw\u00fcsten von Stallungen, durch die Dezimierung von Zuchtschaf-Best\u00e4nden und die Pl\u00fcnderung eines Bienenstocks aufgefallen ist. Kurz: Er hat das getant, was B\u00e4ren nun mal tun.\n<\/p>\n<p>Zwar haben Einwohner der Europ\u00e4ischen Union das Recht auf freie Wahl des Wohnortes, doch f\u00fcr Vierbeiner, die nach Ansicht von Experten untypische Verhaltensweise an den Tag legen, gilt das nicht &#8211; obwohl der Braunb\u00e4r ganz offensichtlich der erste seiner Art ist, der nach 170 Jahren nach Deutschland gekommen ist. Aber das Tier scheint wenig Scheu vor Menschen zu haben, das mache ihn gef\u00e4hrlich, warnen Experten. So hat nun also mit schriftlicher Genehmigung des bayerischen Umweltministers die Suche und Jagd nach dem Tier begonnen, das sich bislang meisterlich vor seinen H\u00e4schern im Dickicht verborgen h\u00e4lt.<\/p>\n<p>Inzwischen debattiert das Land also dar\u00fcber, wie mit dem Raubtier, das politisch korrekt wohl als Raubtier mit Migrationshintergrund bezeichnet werden m\u00fcsste, umzugehen sei. Die Meinungen reichen von &#8220;so schnell wie m\u00f6glich abschie\u00dfen&#8221; bis &#8220;bet\u00e4uben und in ein Gehege bringen&#8221;. Beide Varianten sind schwierig und auf ihre Art gef\u00e4hrlich. Was also tun? Abschie\u00dfen oder einfangen? Vielleicht hat der B\u00e4r schon geahnt, dass Bayern f\u00fcr ihn eine No-Go-Area ist und sich in \u00fcber die Grenze in Sicherheit gebracht &#8211; von wegen: die Welt zu Gast bei Freunden. Herr Heye hatte mit seiner ersch\u00fctternden Warnung wohl doch Recht&#8230;<\/p>\n","protected":false},"excerpt":{"rendered":"<p>Nach R\u00fctli jetzt also Teddy: Nachdem die Debatte um Fehler in der bundesdeutschen Integrationspolitik gerade wieder auf ein sachliches Ma\u00df zur\u00fcckzugehen scheint, sorgt der Zuzug eines namenlosen Braunb\u00e4ren \u00fcber die gr\u00fcne Grenze nach Deutschland f\u00fcr neue Diskussionen &#8211; wenn auch auf einem ganz anderen Niveau. Meister Petz kam aus Italien \u00fcber \u00d6sterreich in die Bundesrepublik, &hellip; <a href=\"https:\/\/www.kohlhof.de\/kohlhof\/2006\/05\/23\/bar-mit-migrationshintergrund\/\" class=\"more-link\"><span class=\"screen-reader-text\">\u201eB\u00e4r mit Migrationshintergrund\u201c <\/span>weiterlesen<\/a><\/p>\n","protected":false},"author":55,"featured_media":0,"comment_status":"open","ping_status":"open","sticky":false,"template":"","format":"standard","meta":{"h5ap_radio_sources":[],"jetpack_post_was_ever_published":false,"_jetpack_newsletter_access":"","_jetpack_dont_email_post_to_subs":false,"_jetpack_newsletter_tier_id":0,"_jetpack_memberships_contains_paywalled_content":false,"_jetpack_memberships_contains_paid_content":false,"activitypub_content_warning":"","activitypub_content_visibility":"","activitypub_max_image_attachments":4,"activitypub_interaction_policy_quote":"anyone","activitypub_status":"","footnotes":"","jetpack_publicize_message":"","jetpack_publicize_feature_enabled":true,"jetpack_social_post_already_shared":false,"jetpack_social_options":{"image_generator_settings":{"template":"highway","default_image_id":0,"font":"","enabled":false},"version":2}},"categories":[2],"tags":[88,89,27,39],"class_list":["post-228","post","type-post","status-publish","format-standard","hentry","category-politik-und-verwaltung","tag-deutschland","tag-innenpolitik","tag-politik","tag-tier"],"jetpack_publicize_connections":[],"jetpack_featured_media_url":"","jetpack_sharing_enabled":true,"jetpack_shortlink":"https:\/\/wp.me\/paimI-3G","jetpack-related-posts":[],"_links":{"self":[{"href":"https:\/\/www.kohlhof.de\/kohlhof\/wp-json\/wp\/v2\/posts\/228","targetHints":{"allow":["GET"]}}],"collection":[{"href":"https:\/\/www.kohlhof.de\/kohlhof\/wp-json\/wp\/v2\/posts"}],"about":[{"href":"https:\/\/www.kohlhof.de\/kohlhof\/wp-json\/wp\/v2\/types\/post"}],"author":[{"embeddable":true,"href":"https:\/\/www.kohlhof.de\/kohlhof\/wp-json\/wp\/v2\/users\/55"}],"replies":[{"embeddable":true,"href":"https:\/\/www.kohlhof.de\/kohlhof\/wp-json\/wp\/v2\/comments?post=228"}],"version-history":[{"count":0,"href":"https:\/\/www.kohlhof.de\/kohlhof\/wp-json\/wp\/v2\/posts\/228\/revisions"}],"wp:attachment":[{"href":"https:\/\/www.kohlhof.de\/kohlhof\/wp-json\/wp\/v2\/media?parent=228"}],"wp:term":[{"taxonomy":"category","embeddable":true,"href":"https:\/\/www.kohlhof.de\/kohlhof\/wp-json\/wp\/v2\/categories?post=228"},{"taxonomy":"post_tag","embeddable":true,"href":"https:\/\/www.kohlhof.de\/kohlhof\/wp-json\/wp\/v2\/tags?post=228"}],"curies":[{"name":"wp","href":"https:\/\/api.w.org\/{rel}","templated":true}]}}