{"id":2448,"date":"2009-11-09T00:43:04","date_gmt":"2009-11-08T23:43:04","guid":{"rendered":"http:\/\/www.kohlhof.de\/kohlhof\/?p=2448"},"modified":"2009-11-09T09:00:11","modified_gmt":"2009-11-09T08:00:11","slug":"tag-der-geschichten","status":"publish","type":"post","link":"https:\/\/www.kohlhof.de\/kohlhof\/2009\/11\/09\/tag-der-geschichten\/","title":{"rendered":"Tag der Geschichten"},"content":{"rendered":"<div class='__iawmlf-post-loop-links' style='display:none;' data-iawmlf-post-links='[]'><\/div>\n<p>Der 20. Jahrestag des Mauerfalls ist der Tag der Geschichte &#8211; und der Geschichten, von denen jeder seine ganz eigene erz\u00e4hlen kann. Hier sind einige meiner Erinnerungen an den Tag des Mauerfalls 1989 und an die Wochen danach. Zum Beispiel die kurze Geschichte von den drei Spazierg\u00e4ngern aus dem Osten, die am Gustav-Radbruch-Platz in L\u00fcbeck auf dem Radweg schlenderten in jener Novembernacht 1989. Und als ich da angeradelt kam und klingelte, sprangen diese drei Menschen zur Seite und die Frau rief mir entschuldigend hinterher: &#8220;Hach, wir m\u00fcssen noch so viel lernen.&#8221; Ein bemerkenswerter Satz, der wohl nur gesagt wurde, weil in der Freude \u00fcber das Unfassbare auch noch ein bisschen Verunsicherung mitschwang. Das war jedenfalls meine erste Begegnung mit Ossis auf Westbesuch.<\/p>\n<p>Oder die Geschichte von der kurzen Brieffreundschaft mit Annette aus Wismar-Dargetzow: Der Kontakt ist nach ein paar Briefwechseln wieder eingeschlafen. Annette war mit ihrem Freund ein paar Tage nach der Grenz\u00f6ffnung ins Katharineum gekommen, wo Sch\u00fcler, Eltern und Lehrer an einigen Sonnabenden einen Basar mit gespendetem Spielzeug, Kleidung sowie Kaffee und Kuchen auf die Beine gestellt hatten. Sie haben sogar mal bei uns in der Hansestra\u00dfe \u00fcbernachtet, wenn mich nicht alles t\u00e4uscht.<\/p>\n<p>Dann gibt es auch noch die Geschichte von der jungen Familie aus Mecklenburg, die in der L\u00fcbecker Innenstadt Brigitte und Werner trafen. Deren Sohn war ein paar Monate zuvor gestorben &#8211; jetzt, mit der Zufallsbekanntschaft irgendwo im Trubel zwischen St. Jakobi und Dom, hatten die trauernden Eltern eine gute M\u00f6glichkeit gefunden, mit dem gesamten Spielzeug, das bis dahin immer noch im Kinderzimmer stand, anderen noch eine Freude machen zu k\u00f6nnen.<\/p>\n<p>Und dann war da das kleine M\u00e4dchen im Vorgarten einer Mietskaserne zwischen Herrnburg und Utecht &#8211; auf jeden Fall im Sperrgebiet, also dort, wo bis zum 9. November 1989 niemand einfach so mal G\u00e4ste haben durfte, weil die f\u00fcnf Kilometer vor der eigentlichen Grenze zum Westen ein isloierter Bereich waren.\u00a0 Und dieses M\u00e4dchen hat uns eingeladen, als wir bei einer Radtour durchs Dorf fuhren: &#8220;Mutti, wir haben Besuch!&#8221; Wir haben also bei vollkommen Unbekannten im Wohnzimmer gesessen &#8211; und haben als Erinnerung zwei Packungen W\u00fcrfelzucker bekommen. Die Zuckerst\u00fccke waren teilweise hellblau und hellrosa und hatten die Formen von Spielkartensysmbolen.<\/p>\n<p>Und, welche ganz besonderen Erinnerungen haben Sie an die Wende?<\/p>\n","protected":false},"excerpt":{"rendered":"<p>Der 20. Jahrestag des Mauerfalls ist der Tag der Geschichte &#8211; und der Geschichten, von denen jeder seine ganz eigene erz\u00e4hlen kann. Hier sind einige meiner Erinnerungen an den Tag des Mauerfalls 1989 und an die Wochen danach. Zum Beispiel die kurze Geschichte von den drei Spazierg\u00e4ngern aus dem Osten, die am Gustav-Radbruch-Platz in L\u00fcbeck &hellip; <a href=\"https:\/\/www.kohlhof.de\/kohlhof\/2009\/11\/09\/tag-der-geschichten\/\" class=\"more-link\"><span class=\"screen-reader-text\">\u201eTag der Geschichten\u201c <\/span>weiterlesen<\/a><\/p>\n","protected":false},"author":55,"featured_media":0,"comment_status":"open","ping_status":"open","sticky":false,"template":"","format":"standard","meta":{"h5ap_radio_sources":[],"jetpack_post_was_ever_published":false,"_jetpack_newsletter_access":"","_jetpack_dont_email_post_to_subs":false,"_jetpack_newsletter_tier_id":0,"_jetpack_memberships_contains_paywalled_content":false,"_jetpack_memberships_contains_paid_content":false,"activitypub_content_warning":"","activitypub_content_visibility":"","activitypub_max_image_attachments":4,"activitypub_interaction_policy_quote":"anyone","activitypub_status":"","footnotes":"","jetpack_publicize_message":"","jetpack_publicize_feature_enabled":true,"jetpack_social_post_already_shared":false,"jetpack_social_options":{"image_generator_settings":{"template":"highway","default_image_id":0,"font":"","enabled":false},"version":2}},"categories":[2],"tags":[667,88,174,233],"class_list":["post-2448","post","type-post","status-publish","format-standard","hentry","category-politik-und-verwaltung","tag-9-november-1989","tag-deutschland","tag-geschichte","tag-wende"],"jetpack_publicize_connections":[],"jetpack_featured_media_url":"","jetpack_sharing_enabled":true,"jetpack_shortlink":"https:\/\/wp.me\/paimI-Du","jetpack-related-posts":[],"_links":{"self":[{"href":"https:\/\/www.kohlhof.de\/kohlhof\/wp-json\/wp\/v2\/posts\/2448","targetHints":{"allow":["GET"]}}],"collection":[{"href":"https:\/\/www.kohlhof.de\/kohlhof\/wp-json\/wp\/v2\/posts"}],"about":[{"href":"https:\/\/www.kohlhof.de\/kohlhof\/wp-json\/wp\/v2\/types\/post"}],"author":[{"embeddable":true,"href":"https:\/\/www.kohlhof.de\/kohlhof\/wp-json\/wp\/v2\/users\/55"}],"replies":[{"embeddable":true,"href":"https:\/\/www.kohlhof.de\/kohlhof\/wp-json\/wp\/v2\/comments?post=2448"}],"version-history":[{"count":0,"href":"https:\/\/www.kohlhof.de\/kohlhof\/wp-json\/wp\/v2\/posts\/2448\/revisions"}],"wp:attachment":[{"href":"https:\/\/www.kohlhof.de\/kohlhof\/wp-json\/wp\/v2\/media?parent=2448"}],"wp:term":[{"taxonomy":"category","embeddable":true,"href":"https:\/\/www.kohlhof.de\/kohlhof\/wp-json\/wp\/v2\/categories?post=2448"},{"taxonomy":"post_tag","embeddable":true,"href":"https:\/\/www.kohlhof.de\/kohlhof\/wp-json\/wp\/v2\/tags?post=2448"}],"curies":[{"name":"wp","href":"https:\/\/api.w.org\/{rel}","templated":true}]}}