{"id":2815,"date":"2010-04-17T15:27:19","date_gmt":"2010-04-17T14:27:19","guid":{"rendered":"http:\/\/www.kohlhof.de\/kohlhof\/?p=2815"},"modified":"2010-04-17T15:27:19","modified_gmt":"2010-04-17T14:27:19","slug":"tauben-futter-guerilla","status":"publish","type":"post","link":"https:\/\/www.kohlhof.de\/kohlhof\/2010\/04\/17\/tauben-futter-guerilla\/","title":{"rendered":"Tauben-F\u00fctter-Guerilla"},"content":{"rendered":"<div class='__iawmlf-post-loop-links' style='display:none;' data-iawmlf-post-links='[{&quot;id&quot;:383,&quot;href&quot;:&quot;http:\\\/\\\/rathaus.rostock.de\\\/sixcms\\\/media.php\\\/974\\\/3_05.pdf&quot;,&quot;archived_href&quot;:&quot;&quot;,&quot;redirect_href&quot;:&quot;https:\\\/\\\/rathaus.rostock.de\\\/sixcms\\\/media.php\\\/974\\\/3_05.pdf&quot;,&quot;checks&quot;:[],&quot;broken&quot;:false,&quot;last_checked&quot;:null,&quot;process&quot;:&quot;done&quot;}]'><\/div>\n<p>Sie tut so, als ob sie schlendert. In ihrer bronzefarbenen Steppjacke, der beigen Hose, die Augen hinter einer gro\u00dfen dunklen Sonnebrille verborgen, die kastanienbraun gef\u00e4rbten Haare unter einem eierschalen-wei\u00dfen Hut verborgen. Alles Ton in Ton. Damen wie sie lustwandeln \u00fcblicherweise an der Promenade in Warnem\u00fcnde&#8230; aber da gibts ja keine Tauben.<\/p>\n<p>Deshalb spaziert sie heute nun also \u00fcber den Rostocker Universit\u00e4tsplatz, laviert sich zwischen den vielen anderen Spazierg\u00e4ngern und Shoppern hindurch, macht ein unbeteiligtes Gesicht und l\u00e4sst ihre Hand wie zuf\u00e4llig in der quer umgeh\u00e4ngten beigen Handtasche ruhen. Hier ist Gewusel und Hektik, Stra\u00dfenmusikanten musizieren, Touristen flanieren. &#8230; Dann pl\u00f6tzlich zuckt die rechte Hand hervor und l\u00e4sst ein, zwei Meter entfernt Brotkrumen aufs Plfaster purzeln. Noch w\u00e4hrend die Kr\u00fcmel in einer flachen Kurve zu Boden rieseln, hat sie sich schon geschwind auf dem Absatz umgedreht, geht langsam Schritt f\u00fcr Schritt in die entgegengesetzte Richtung und tut so, als habe sie all das, was nun hinter ihr passiert, gar nicht bemerkt.<!--more--><\/p>\n<p>Denn was umstehende Besucher in der Rostocker Fu\u00dfg\u00e4ngerzone \u00fcberrascht, das haben Tauben und Spatzen offenbar routiniert erwartet. Gierig st\u00fcrzen Sie sich aus den umliegenden B\u00e4umen auf die paar Brotkrumen, es entsteht gefiederter Tumult. Von den Brotbrocken ist schon wenig sp\u00e4ter nichts mehr \u00fcbrig.<\/p>\n<p>Da steht sie schon am anderen Ende der langen Bankreihe am Brunnen der Lebensfreude, blickt sich um, als wolle sie nun gleich Pamphlete mit Hetzschriften verteilen, l\u00e4sst den Arm ganz ruhig auf ihrer Handtasche ruhen, bis kurz darauf wieder erst eine Seniorenhand und dann Brot-Krumen durch die Luft schnellen und jede Menge gefiedertes Getier auf den Plan rufen.<\/p>\n<p>In Rostock scheint das F\u00fcttern von Haus-, Ringel- und anderen Tauben nicht verboten zu sein (im Gegensatz zum <a title=\"Satzung der Stadt Rostock zum M\u00f6wenf\u00fctterungsverbot\" href=\"http:\/\/rathaus.rostock.de\/sixcms\/media.php\/974\/3_05.pdf\">M\u00f6wenf\u00fctterungsverbot  in Warnem\u00fcnde<\/a>) &#8211; Dennoch ist es in weiten Teilen der Bev\u00f6lkerung nicht hoch angesehen &#8211; das liegt wohl vor allem daran, dass man beim Anblick der un\u00fcberschauberen Massen von Tauben kaum den Eindruck gewinnen kann, dass diese V\u00f6gel eine besondere Unterst\u00fctzung n\u00f6tig h\u00e4tten. Dann ist da ja auch noch dieses gefl\u00fcgelte Wort von den Ratten der L\u00fcfte &#8211; und \u00fcberhaupt: Ist V\u00f6gelf\u00fcttern nicht eher etwas f\u00fcr Kinder?<\/p>\n<p>Vermutlich muss man deshalb als Taubenf\u00fctterer mit oft jahrelanger Erfahrung mit fiesen Anfeindungen leben, wenn man seine gefierderten Freunde allzu \u00f6ffentlich unterst\u00fctzt. Ich kann mir gut vorstellen, wie man von anderen Passanten beschimpft wird, wenn man gerade ein paar Kr\u00fcmel fallen l\u00e4sst. Kein Wunder, dass es die Vogelfreunde da sozusagen in den Untergrund treibt und einige von ihnen wie Guerilleros durch die Stra\u00dfen der Gro\u00dfstadt ziehen. Ihr Einsatz f\u00fcr die ihrer Meinung nach gute Sache st\u00f6\u00dft bei Mitmenschen nun mal auf Unverst\u00e4ndnis. Aber auf Kritik an ihrem tabuisierten und \u00fcberfl\u00fcssigen Taubenf\u00fcttern reagieren sie schon l\u00e4ngst nicht mehr. Sie haben inzwischen &#8211; man ahnt es in diesem Zusammenhang &#8211;\u00a0 taube Ohren.<\/p>\n","protected":false},"excerpt":{"rendered":"<p>Vielleicht war sie etwas unvorsichtig, vielleicht wollte sie entdeckt werden. Jedenfalls habe ich heute Nachmittag eine Untergrundk\u00e4mpferin mitten in Rostock gesehen. Sie schien sich ihres frevelhaften Tuns genau bewusst zu sein &#8211; und hat trotzdem eiskalt &#8230; Tauben gef\u00fcttert.<\/p>\n","protected":false},"author":55,"featured_media":0,"comment_status":"open","ping_status":"open","sticky":false,"template":"","format":"standard","meta":{"h5ap_radio_sources":[],"jetpack_post_was_ever_published":false,"_jetpack_newsletter_access":"","_jetpack_dont_email_post_to_subs":false,"_jetpack_newsletter_tier_id":0,"_jetpack_memberships_contains_paywalled_content":false,"_jetpack_memberships_contains_paid_content":false,"activitypub_content_warning":"","activitypub_content_visibility":"","activitypub_max_image_attachments":4,"activitypub_interaction_policy_quote":"anyone","activitypub_status":"","footnotes":"","jetpack_publicize_message":"","jetpack_publicize_feature_enabled":true,"jetpack_social_post_already_shared":false,"jetpack_social_options":{"image_generator_settings":{"template":"highway","default_image_id":0,"font":"","enabled":false},"version":2}},"categories":[1],"tags":[638,19,636,357],"class_list":["post-2815","post","type-post","status-publish","format-standard","hentry","category-allgemein","tag-glosse","tag-rostock","tag-tagebuch","tag-vogel"],"jetpack_publicize_connections":[],"jetpack_featured_media_url":"","jetpack_sharing_enabled":true,"jetpack_shortlink":"https:\/\/wp.me\/paimI-Jp","jetpack-related-posts":[],"_links":{"self":[{"href":"https:\/\/www.kohlhof.de\/kohlhof\/wp-json\/wp\/v2\/posts\/2815","targetHints":{"allow":["GET"]}}],"collection":[{"href":"https:\/\/www.kohlhof.de\/kohlhof\/wp-json\/wp\/v2\/posts"}],"about":[{"href":"https:\/\/www.kohlhof.de\/kohlhof\/wp-json\/wp\/v2\/types\/post"}],"author":[{"embeddable":true,"href":"https:\/\/www.kohlhof.de\/kohlhof\/wp-json\/wp\/v2\/users\/55"}],"replies":[{"embeddable":true,"href":"https:\/\/www.kohlhof.de\/kohlhof\/wp-json\/wp\/v2\/comments?post=2815"}],"version-history":[{"count":0,"href":"https:\/\/www.kohlhof.de\/kohlhof\/wp-json\/wp\/v2\/posts\/2815\/revisions"}],"wp:attachment":[{"href":"https:\/\/www.kohlhof.de\/kohlhof\/wp-json\/wp\/v2\/media?parent=2815"}],"wp:term":[{"taxonomy":"category","embeddable":true,"href":"https:\/\/www.kohlhof.de\/kohlhof\/wp-json\/wp\/v2\/categories?post=2815"},{"taxonomy":"post_tag","embeddable":true,"href":"https:\/\/www.kohlhof.de\/kohlhof\/wp-json\/wp\/v2\/tags?post=2815"}],"curies":[{"name":"wp","href":"https:\/\/api.w.org\/{rel}","templated":true}]}}