{"id":2847,"date":"2010-06-01T22:43:24","date_gmt":"2010-06-01T21:43:24","guid":{"rendered":"http:\/\/www.kohlhof.de\/kohlhof\/?p=2847"},"modified":"2010-06-01T22:43:24","modified_gmt":"2010-06-01T21:43:24","slug":"lena-und-horst","status":"publish","type":"post","link":"https:\/\/www.kohlhof.de\/kohlhof\/2010\/06\/01\/lena-und-horst\/","title":{"rendered":"Lena und Horst"},"content":{"rendered":"<div class='__iawmlf-post-loop-links' style='display:none;' data-iawmlf-post-links='[{&quot;id&quot;:376,&quot;href&quot;:&quot;http:\\\/\\\/www.welt.de\\\/satire\\\/article7854143\\\/Lena-Meyer-Landrut-soll-auf-Horst-Koehler-folgen.html&quot;,&quot;archived_href&quot;:&quot;http:\\\/\\\/web-wp.archive.org\\\/web\\\/20250316201750\\\/https:\\\/\\\/www.welt.de\\\/satire\\\/article7854143\\\/Lena-Meyer-Landrut-soll-auf-Horst-Koehler-folgen.html&quot;,&quot;redirect_href&quot;:&quot;&quot;,&quot;checks&quot;:[{&quot;date&quot;:&quot;2026-02-11 08:36:00&quot;,&quot;http_code&quot;:200},{&quot;date&quot;:&quot;2026-02-18 19:17:40&quot;,&quot;http_code&quot;:200},{&quot;date&quot;:&quot;2026-02-24 23:37:51&quot;,&quot;http_code&quot;:200},{&quot;date&quot;:&quot;2026-03-02 07:27:53&quot;,&quot;http_code&quot;:200},{&quot;date&quot;:&quot;2026-03-06 22:38:29&quot;,&quot;http_code&quot;:503},{&quot;date&quot;:&quot;2026-03-12 05:19:23&quot;,&quot;http_code&quot;:200},{&quot;date&quot;:&quot;2026-03-18 22:05:47&quot;,&quot;http_code&quot;:200},{&quot;date&quot;:&quot;2026-03-26 08:24:09&quot;,&quot;http_code&quot;:200},{&quot;date&quot;:&quot;2026-03-29 18:58:23&quot;,&quot;http_code&quot;:200},{&quot;date&quot;:&quot;2026-04-02 04:12:48&quot;,&quot;http_code&quot;:200},{&quot;date&quot;:&quot;2026-04-07 09:23:28&quot;,&quot;http_code&quot;:200},{&quot;date&quot;:&quot;2026-04-10 23:41:53&quot;,&quot;http_code&quot;:200},{&quot;date&quot;:&quot;2026-04-16 14:16:18&quot;,&quot;http_code&quot;:200},{&quot;date&quot;:&quot;2026-04-20 20:16:02&quot;,&quot;http_code&quot;:200},{&quot;date&quot;:&quot;2026-04-23 23:18:29&quot;,&quot;http_code&quot;:200},{&quot;date&quot;:&quot;2026-04-27 16:11:27&quot;,&quot;http_code&quot;:503}],&quot;broken&quot;:false,&quot;last_checked&quot;:{&quot;date&quot;:&quot;2026-04-27 16:11:27&quot;,&quot;http_code&quot;:503},&quot;process&quot;:&quot;done&quot;},{&quot;id&quot;:377,&quot;href&quot;:&quot;http:\\\/\\\/eurovision.blog.ndr.de\\\/2010\\\/05\\\/31\\\/gegenentwurf-zu-nicole&quot;,&quot;archived_href&quot;:&quot;&quot;,&quot;redirect_href&quot;:&quot;https:\\\/\\\/www.ndr.de:443\\\/2010\\\/05\\\/31\\\/gegenentwurf-zu-nicole&quot;,&quot;checks&quot;:[],&quot;broken&quot;:false,&quot;last_checked&quot;:null,&quot;process&quot;:&quot;done&quot;},{&quot;id&quot;:378,&quot;href&quot;:&quot;http:\\\/\\\/oslog.tv\\\/198\\\/ein-siegeltyp&quot;,&quot;archived_href&quot;:&quot;http:\\\/\\\/web-wp.archive.org\\\/web\\\/20181208071133\\\/http:\\\/\\\/oslog.tv\\\/198\\\/ein-siegeltyp\\\/&quot;,&quot;redirect_href&quot;:&quot;&quot;,&quot;checks&quot;:[{&quot;date&quot;:&quot;2026-02-11 08:36:03&quot;,&quot;http_code&quot;:404},{&quot;date&quot;:&quot;2026-02-18 19:17:41&quot;,&quot;http_code&quot;:404},{&quot;date&quot;:&quot;2026-02-24 23:37:52&quot;,&quot;http_code&quot;:404},{&quot;date&quot;:&quot;2026-03-06 22:38:31&quot;,&quot;http_code&quot;:404},{&quot;date&quot;:&quot;2026-03-14 09:45:43&quot;,&quot;http_code&quot;:404},{&quot;date&quot;:&quot;2026-03-21 01:38:32&quot;,&quot;http_code&quot;:503},{&quot;date&quot;:&quot;2026-03-29 18:58:28&quot;,&quot;http_code&quot;:404},{&quot;date&quot;:&quot;2026-04-03 13:39:55&quot;,&quot;http_code&quot;:404},{&quot;date&quot;:&quot;2026-04-07 22:17:54&quot;,&quot;http_code&quot;:404},{&quot;date&quot;:&quot;2026-04-12 05:49:37&quot;,&quot;http_code&quot;:404},{&quot;date&quot;:&quot;2026-04-16 14:16:20&quot;,&quot;http_code&quot;:404},{&quot;date&quot;:&quot;2026-04-20 20:16:00&quot;,&quot;http_code&quot;:404},{&quot;date&quot;:&quot;2026-04-25 01:59:22&quot;,&quot;http_code&quot;:404}],&quot;broken&quot;:true,&quot;last_checked&quot;:{&quot;date&quot;:&quot;2026-04-25 01:59:22&quot;,&quot;http_code&quot;:404},&quot;process&quot;:&quot;done&quot;}]'><\/div>\n<p>Was f\u00fcr ein aufregender Wochenstart. Erst gewinnt Deutschland nach 28 Jahren wieder mal den Song-Wettbewerb der Eurovision, ist mehrheitlich im Freudentaumel, und einige Kolumnisten sehen die erfolgreiche <a title=\"&quot;Lena soll Bundespr\u00e4sidentin werden&quot; uaf welt.de\" href=\"http:\/\/www.welt.de\/satire\/article7854143\/Lena-Meyer-Landrut-soll-auf-Horst-Koehler-folgen.html\">19-J\u00e4hrige S\u00e4ngerin nach ihrer Heimkehr am Sonntag schon als Bundespr\u00e4sidentin<\/a>, spa\u00dfeshalber &#8211; und einen Tag sp\u00e4ter muss Deutschland wirklich ein neues Staatsoberhaupt suchen. Das alles muss ich jetzt hier verarbeiten.<!--more--><\/p>\n<p>Zun\u00e4chst mal Lena: Gl\u00fcckwunsch zu diesem gesamteurop\u00e4ischen Erfolg. Gl\u00fcckwunsch auch zu dieser Mischung aus Witz, Unbek\u00fcmmertheit und gesunder Skepsis gegen\u00fcber der &#8220;interessierten \u00d6ffentlichkeit&#8221;. Fragen nach privaten Angelegenheiten blockt sie weitgehend ab. Warum auch nicht? Jeder darf selbst entscheiden, was andere \u00fcber eigene Vorlieben sowie Familie und Freunde erfahren sollen und was nicht. Die Fragen danach werden aber immer wieder gestellt werden, weil Journalisten sie immer wieder stellen werden. Da muss Frau Meyer-Landrut aufpassen, dass sie dabei nicht zu zickig wirkt &#8211; so war jeweils mein Eindruck zeitweise in den letzten Tagen. Eine sachliche Antwort wie &#8220;\u00fcber private Angelegenheiten gebe ich keine Auskunft&#8221; w\u00e4re angemessener.<\/p>\n<p>Stefan Raab hat ja schon vorgeschlagen, dass Lena Meyer-Landrut im kommenden Jahr wieder beim ESC antreten soll &#8211; die Vorentscheidung k\u00f6nne dann ja so ablaufen, dass die Zuschauer \u00fcber das Lied abstimmen. <a title=\"Link zum ESC-Blog auf ndr.de\" href=\"http:\/\/eurovision.blog.ndr.de\/2010\/05\/31\/gegenentwurf-zu-nicole\/\">ESC-Fachmann Jan Feddersen vermutet dahinter aber nur ein Ablenkungsman\u00f6ver<\/a>. Ohnehin: Was soll Lena beim Grand Prix denn noch erreichen? Alles andere als ein zweiter Sieg w\u00fcrde doch wie eine Niederlage im Vergleich zum Vorjahr wirken&#8230; Und wieder zu gewinnen, das ist dann doch zu unwahrscheinlich.<\/p>\n<p>Tiefpunkt in dieser ESC-Saison sind allerdings die \u00c4u\u00dferungen von Dauer-Komponist und -Produzent Ralph Siegel: Er sei weiterhin der einzige Deutsche, der den Komponistenwettbewerb ESC &#8211; denn genau das ist der Grand Prix &#8211; gewonnen habe: 1982 mit Nicoles &#8220;Ein bisschen Frieden&#8221;. Lenas &#8220;Satellite&#8221; stammt von einem Komponisten-Team aus D\u00e4nemark und den USA. Abgesehen davon, dass auch Herr Siegel anderen einfach mal ihren Erfolg g\u00f6nnen k\u00f6nnen sollte, habe Siegel noch nicht mal recht, <a title=\"Beitrag auf oslog.tv\" href=\"http:\/\/oslog.tv\/198\/ein-siegeltyp\/\">wie oslog.tv schreibt: An Vicky Leandros&#8217; Siegertitel\u00a0 f\u00fcr Luxemburg von 1972 hat ebenfalls ein Musiker aus Deutschland mitgeschrieben<\/a>.<\/p>\n<p>H\u00f6hepunkt am Sonnabend war dann aber, abgesehen vom 12-Punkte-Inferno, die Flashmob-Inszenierung w\u00e4hrend der Abstimmungsphase. Zwar waren die meisten Tanzeinblendungen von Europas Stra\u00dfen und Pl\u00e4tzen vorproduziert &#8211; aber allein dieser Gedanke, dass das alles Europa und seine Nachbarn sind, die da zusammen feiern, war schon faszinierend. Dass die Tanzeinlage aus Hamburg au\u00dferdem live eingebunden wurde, ist auch insofern beeindruckend, weil die Bewegungen synchron zur Musik waren &#8211; obwohl zwischen Telenor-Arena und Spielbudenplatz die Daten \u00fcber einen Satelliten mehrere tausend Kilometer zur\u00fccklegen mussten. Aber Satelliten sind ja sowieso was Tolles. Gl\u00fcckwunsch deshalb auch an die Techniker.<\/p>\n<p><object classid=\"clsid:d27cdb6e-ae6d-11cf-96b8-444553540000\" width=\"470\" height=\"350\" codebase=\"http:\/\/download.macromedia.com\/pub\/shockwave\/cabs\/flash\/swflash.cab#version=6,0,40,0\"><param name=\"play\" value=\"false\" \/><param name=\"loop\" value=\"false\" \/><param name=\"menu\" value=\"false\" \/><param name=\"src\" value=\"http:\/\/www.youtube.com\/v\/GBeYyxjbyQ0\" \/><\/object><\/p>\n<p>Das dazu, kommen wir zur bedeutendsten Stellenausschreibung dieses Jahres: &#8220;Die Bundesrepublik Deutschland m\u00f6chte die Stelle ihres h\u00f6chsten Repr\u00e4sentanten\/ihrer h\u00f6chsten Repr\u00e4sentantin neu besetzen.&#8221;<\/p>\n<figure id=\"attachment_2863\" aria-describedby=\"caption-attachment-2863\" style=\"width: 316px\" class=\"wp-caption alignright\"><img loading=\"lazy\" decoding=\"async\" data-attachment-id=\"2863\" data-permalink=\"https:\/\/www.kohlhof.de\/kohlhof\/2010\/06\/01\/lena-und-horst\/bundespraesident-koehler-erklaert-seinen-ruecktritt-2010\/\" data-orig-file=\"https:\/\/www.kohlhof.de\/kohlhof\/wp-content\/uploads\/2010\/06\/Bundespraesident-Koehler-erklaert-seinen-Ruecktritt-2010.jpg\" data-orig-size=\"316,512\" data-comments-opened=\"1\" data-image-meta=\"{&quot;aperture&quot;:&quot;0&quot;,&quot;credit&quot;:&quot;&quot;,&quot;camera&quot;:&quot;&quot;,&quot;caption&quot;:&quot;&quot;,&quot;created_timestamp&quot;:&quot;0&quot;,&quot;copyright&quot;:&quot;&quot;,&quot;focal_length&quot;:&quot;0&quot;,&quot;iso&quot;:&quot;0&quot;,&quot;shutter_speed&quot;:&quot;0&quot;,&quot;title&quot;:&quot;&quot;}\" data-image-title=\"Bundespraesident-Koehler-erklaert-seinen-Ruecktritt-2010\" data-image-description=\"\" data-image-caption=\"\" data-large-file=\"https:\/\/www.kohlhof.de\/kohlhof\/wp-content\/uploads\/2010\/06\/Bundespraesident-Koehler-erklaert-seinen-Ruecktritt-2010.jpg\" class=\"size-full wp-image-2863\" title=\"Bundespraesident-Koehler-erklaert-seinen-Ruecktritt-2010\" src=\"https:\/\/www.kohlhof.de\/kohlhof\/wp-content\/uploads\/2010\/06\/Bundespraesident-Koehler-erklaert-seinen-Ruecktritt-2010.jpg\" alt=\"Bundespraesident-Koehler-erklaert-seinen-Ruecktritt-2010\" width=\"316\" height=\"512\" srcset=\"https:\/\/www.kohlhof.de\/kohlhof\/wp-content\/uploads\/2010\/06\/Bundespraesident-Koehler-erklaert-seinen-Ruecktritt-2010.jpg 316w, https:\/\/www.kohlhof.de\/kohlhof\/wp-content\/uploads\/2010\/06\/Bundespraesident-Koehler-erklaert-seinen-Ruecktritt-2010-185x300.jpg 185w\" sizes=\"auto, (max-width: 316px) 85vw, 316px\" \/><figcaption id=\"caption-attachment-2863\" class=\"wp-caption-text\">Horst K\u00f6hler erkl\u00e4rt, dass er vom Amt des Bundespr\u00e4sidenten zur\u00fccktritt. Foto: Bundespr\u00e4sidalamt<\/figcaption><\/figure>\n<p>Erst wollte ich es nicht glauben. Drei Eil&shy;meldungen blinkten in Signal-Rot auf mei&shy;nem Re&shy;dak&shy;tions-Monitor: &#8220;Bun&shy;des&shy;pr\u00e4&shy;si&shy;dent K\u00f6h&shy;ler ist zu&shy;r\u00fcck&shy;ge&shy;tre&shy;ten&#8221;. Von 14:03 Uhr war die er&shy;ste Mel&shy;dung. &#8220;Das muss ein Miss&shy;ver&shy;st\u00e4nd&shy;nis sein und wird ein Rie&shy;sen&shy;skan&shy;dal und eine Debatte um Sorg&shy;falt im mo&shy;der&shy;nen Hoch\u00ad&shy;ge\u00ad&shy;schwin\u00ad&shy;dig\u00ad&shy;keits-Jour\u00adna\u00adlis\u00admus ausl\u00f6sen&#8221;, dachte ich mir. Dann \u00e4nderten die Fernsehsender ihre Programme und zeigten Horst K\u00f6hler, wie er fast original wie Mathias Richling, im Schloss Bellevue vor die blassblaue Stellwand trat, um etwa ebenso bleich seinen sofortigen R\u00fccktritt zu verk\u00fcnden.<\/p>\n<p>Mal abegesehen davon, dass das nun ein langer Arbeitstag wurde, wurden sofort Erinnerungen an ein paar <a title=\"Beitr\u00e4ge auf kohlhof.de mit dem Tag &quot;Bundespr\u00e4sident&quot;\" href=\"https:\/\/www.kohlhof.de\/kohlhof\/?s=bundespr%C3%A4sident\">kurze arbeitsbedingte Begegnungen<\/a> mit dem neunten Bundespr\u00e4sidenten wach.<\/p>\n<p><object classid=\"clsid:d27cdb6e-ae6d-11cf-96b8-444553540000\" width=\"470\" height=\"350\" codebase=\"http:\/\/download.macromedia.com\/pub\/shockwave\/cabs\/flash\/swflash.cab#version=6,0,40,0\"><param name=\"play\" value=\"false\" \/><param name=\"loop\" value=\"false\" \/><param name=\"src\" value=\"http:\/\/www.youtube.com\/v\/NM7jspU7kM4\" \/><\/object><\/p>\n<p>Gestern, am Tag des R\u00fccktritts, \u00fcberwog dabei das Mitgef\u00fchl mit diesem Mann, der offensichtlich sehr gekr\u00e4nkt und entt\u00e4uscht seinen Amtsverzicht erkl\u00e4rte. Die Kritik an seinen missverst\u00e4ndlichen \u00c4u\u00dferungen zu deutschen Milit\u00e4reins\u00e4tzen zur Durchsetzung wirtschaftlicher Interessen h\u00e4lt er f\u00fcr zu heftig. Tats\u00e4chlich glaubt wohl niemand ernsthaft, Horst K\u00f6hler hielte es f\u00fcr eine gute Idee, deutsche Streitkr\u00e4fte trotz eindeutiger und richtiger Regelungen im Grundgesetz in einen Wirtschaftskrieg zu schicken. Das h\u00e4tte ihm niemand zugetraut&#8230; den R\u00fccktritt allerdings auch nicht. Trotzdem: Die \u00c4u\u00dferungen im Deutschland-Radio-Interview waren eben ungl\u00fccklich.<\/p>\n<p>War es also gestern noch so ewtas wie Mitgef\u00fchl mit K\u00f6hler, so hat sich das heute im Laufe des Tages bei mir doch gewandelt. Die Debatte um seine unscharfen Ausf\u00fchrungen war schon l\u00e4ngst abgeebbt. Er hatte diese Angelegenheit bislang nicht gut gemeistert, aber er h\u00e4tte sie \u00fcberstanden. Auch ohne die erhoffte Hilfe der Kanzlerin. Und dann hat dieser Mann ja auch noch bei Amtsantritt geschworen, &#8220;Schaden vom deutschen Volk abzuwenden&#8221; &#8211; aber das Gegenteil d\u00fcrfte er jetzt erreicht haben. Nun muss sich die ohnehin schon blo\u00df m\u00fchevoll zusammenarbeitende Bundesregierung auch noch mit der Suche nach einem neuen Kandidaten f\u00fcr die Bundesversammlung am 30. Juni besch\u00e4ftigen. Man hat ja sonst nichts zu tun&#8230; Finanzkrise, Griechenlandkrise, Eurokrise, Englisch lernen &#8211; und jetzt also auch noch ne Pr\u00e4sidialkrise. Na toll.<\/p>\n<p>Bleibt die Frage, wer Lena denn jetzt das Bundesverdienstkreuz \u00fcberreichen soll. Ach ja, das wird sie sich dann wohl bald selbst verleihen&#8230;<\/p>\n","protected":false},"excerpt":{"rendered":"<p>Erst Lena, dann Horst. Erst Begeisterung, dann Entt\u00e4uschung. Eine schriftliche Aufarbeitung des Eurovision Song Contest 2010 und der Bundespr\u00e4sidentenr\u00fccktritts.<\/p>\n","protected":false},"author":55,"featured_media":0,"comment_status":"open","ping_status":"open","sticky":false,"template":"","format":"standard","meta":{"h5ap_radio_sources":[],"jetpack_post_was_ever_published":false,"_jetpack_newsletter_access":"","_jetpack_dont_email_post_to_subs":false,"_jetpack_newsletter_tier_id":0,"_jetpack_memberships_contains_paywalled_content":false,"_jetpack_memberships_contains_paid_content":false,"activitypub_content_warning":"","activitypub_content_visibility":"","activitypub_max_image_attachments":4,"activitypub_interaction_policy_quote":"anyone","activitypub_status":"","footnotes":"","jetpack_publicize_message":"","jetpack_publicize_feature_enabled":true,"jetpack_social_post_already_shared":false,"jetpack_social_options":{"image_generator_settings":{"template":"highway","default_image_id":0,"font":"","enabled":false},"version":2}},"categories":[2],"tags":[453,624,61,27,644],"class_list":["post-2847","post","type-post","status-publish","format-standard","hentry","category-politik-und-verwaltung","tag-bundesprasident","tag-eurovision-song-contest","tag-musik","tag-politik","tag-video"],"jetpack_publicize_connections":[],"jetpack_featured_media_url":"","jetpack_sharing_enabled":true,"jetpack_shortlink":"https:\/\/wp.me\/paimI-JV","jetpack-related-posts":[],"_links":{"self":[{"href":"https:\/\/www.kohlhof.de\/kohlhof\/wp-json\/wp\/v2\/posts\/2847","targetHints":{"allow":["GET"]}}],"collection":[{"href":"https:\/\/www.kohlhof.de\/kohlhof\/wp-json\/wp\/v2\/posts"}],"about":[{"href":"https:\/\/www.kohlhof.de\/kohlhof\/wp-json\/wp\/v2\/types\/post"}],"author":[{"embeddable":true,"href":"https:\/\/www.kohlhof.de\/kohlhof\/wp-json\/wp\/v2\/users\/55"}],"replies":[{"embeddable":true,"href":"https:\/\/www.kohlhof.de\/kohlhof\/wp-json\/wp\/v2\/comments?post=2847"}],"version-history":[{"count":0,"href":"https:\/\/www.kohlhof.de\/kohlhof\/wp-json\/wp\/v2\/posts\/2847\/revisions"}],"wp:attachment":[{"href":"https:\/\/www.kohlhof.de\/kohlhof\/wp-json\/wp\/v2\/media?parent=2847"}],"wp:term":[{"taxonomy":"category","embeddable":true,"href":"https:\/\/www.kohlhof.de\/kohlhof\/wp-json\/wp\/v2\/categories?post=2847"},{"taxonomy":"post_tag","embeddable":true,"href":"https:\/\/www.kohlhof.de\/kohlhof\/wp-json\/wp\/v2\/tags?post=2847"}],"curies":[{"name":"wp","href":"https:\/\/api.w.org\/{rel}","templated":true}]}}