{"id":299,"date":"2006-07-17T10:27:08","date_gmt":"2006-07-17T08:27:08","guid":{"rendered":"http:\/\/www.kohlhof.de\/kohlhof\/?p=299"},"modified":"2006-08-04T08:48:44","modified_gmt":"2006-08-04T06:48:44","slug":"200-neue-blatter","status":"publish","type":"post","link":"https:\/\/www.kohlhof.de\/kohlhof\/2006\/07\/17\/200-neue-blatter\/","title":{"rendered":"200 neue Bl\u00e4tter"},"content":{"rendered":"<div class='__iawmlf-post-loop-links' style='display:none;' data-iawmlf-post-links='[]'><\/div>\n<p>Nachdem weltpolitische Ereignisse das Land gestreift haben, ist nun wieder Zeit f\u00fcr vergleichsweise belanglose Nachrichten. Los gehts: Gut zehn Monate machte der Hibiskus im Wohnzimmer keine Freude: In der vergangenen Woche hatte sich die Zahl seiner Bl\u00e4tter auf vier reduziert. Und auch die hingen schlaff und teilweise graubraun an den Zweigen. Ein Bild des Jammers, das die Entscheidung reifen lie\u00df, das Ding auf dem M\u00fcllhaufen der Botanikgeschichte zu entsorgen. Ich hatte es mit Gie\u00dfen, D\u00fcngen, Ausschneiden und kr\u00e4ftigem Gie\u00dfen versucht: Nichts, die Pflanze wurde kahl. Auch die Aktion Umtopfen Ende April (siehe <a href=\"https:\/\/www.kohlhof.de\/kohlhof\/?p=186\">hier<\/a>, ganz unten) brachte keinen Erfolg. Ich gab nicht auf und bohrte in den Boden des neuen K\u00fcbels zwei extra gro\u00dfe L\u00f6cher, weil ich irgendwo im Internet gelesen hatte, dass der Hibiskus an sich keine nassen F\u00fc\u00dfe mag. Auch Wochen danach passierte &#8211; nichts. Ich sah dem langsamen Pflanzen-Sterben verzweifelt zu. Meine letzte Verzweiflungstat war, die Warnungen vor nassen Hibiskus-F\u00fc\u00dfen in den Wind zu schlagen. Ich gab dem Ding Feuchtes, und nicht zu knapp. Einen Liter nach dem anderen fl\u00f6\u00dfte ich ihm ins Wurzelwerk ein, Tag f\u00fcr Tag. An Wasserknappheit sollte es jedenfalls nicht liegen, dass man mich f\u00fcr einen Hibiskusm\u00f6rder h\u00e4lt. Und dann pl\u00f6tzlich, vor ein paar Tagen, als George W. Bush gerade auf dem Weg nach Mecklenburg-Vorpommern war (da kann ein, muss aber kein Zusammenhang bestehen), deutete sich zartes Gr\u00fcn am Stamm an. Ich hielt das f\u00fcr einen verk\u00fcmmerten Rest des letztes zaghaften Sprosses aus dem vergangenen Jahr. Aber da! Und da! Und hier und dort und da und da und oben, unten, \u00fcberall  pl\u00f6tzlich neue kleine Bl\u00e4tter. Das ist eine Woche her. Inzwischen gr\u00fcnt es wieder im Wohnzimmer, gesch\u00e4tzt 200 Bl\u00e4tter sind aus dem verdorrten Ge\u00e4st geradezu hervorgebrochen. Und mein Daumen schimmert auch schon leicht hellgr\u00fcn&#8230;<\/p>\n","protected":false},"excerpt":{"rendered":"<p>Nachdem weltpolitische Ereignisse das Land gestreift haben, ist nun wieder Zeit f\u00fcr vergleichsweise belanglose Nachrichten. Los gehts: Gut zehn Monate machte der Hibiskus im Wohnzimmer keine Freude: In der vergangenen Woche hatte sich die Zahl seiner Bl\u00e4tter auf vier reduziert. Und auch die hingen schlaff und teilweise graubraun an den Zweigen. Ein Bild des Jammers, &hellip; <a href=\"https:\/\/www.kohlhof.de\/kohlhof\/2006\/07\/17\/200-neue-blatter\/\" class=\"more-link\"><span class=\"screen-reader-text\">\u201e200 neue Bl\u00e4tter\u201c <\/span>weiterlesen<\/a><\/p>\n","protected":false},"author":55,"featured_media":0,"comment_status":"open","ping_status":"open","sticky":false,"template":"","format":"standard","meta":{"h5ap_radio_sources":[],"jetpack_post_was_ever_published":false,"_jetpack_newsletter_access":"","_jetpack_dont_email_post_to_subs":false,"_jetpack_newsletter_tier_id":0,"_jetpack_memberships_contains_paywalled_content":false,"_jetpack_memberships_contains_paid_content":false,"activitypub_content_warning":"","activitypub_content_visibility":"","activitypub_max_image_attachments":4,"activitypub_interaction_policy_quote":"anyone","activitypub_status":"","footnotes":"","jetpack_publicize_message":"","jetpack_publicize_feature_enabled":true,"jetpack_social_post_already_shared":false,"jetpack_social_options":{"image_generator_settings":{"template":"highway","default_image_id":0,"font":"","enabled":false},"version":2}},"categories":[1],"tags":[296,636],"class_list":["post-299","post","type-post","status-publish","format-standard","hentry","category-allgemein","tag-pflanzen","tag-tagebuch"],"jetpack_publicize_connections":[],"jetpack_featured_media_url":"","jetpack_sharing_enabled":true,"jetpack_shortlink":"https:\/\/wp.me\/paimI-4P","jetpack-related-posts":[],"_links":{"self":[{"href":"https:\/\/www.kohlhof.de\/kohlhof\/wp-json\/wp\/v2\/posts\/299","targetHints":{"allow":["GET"]}}],"collection":[{"href":"https:\/\/www.kohlhof.de\/kohlhof\/wp-json\/wp\/v2\/posts"}],"about":[{"href":"https:\/\/www.kohlhof.de\/kohlhof\/wp-json\/wp\/v2\/types\/post"}],"author":[{"embeddable":true,"href":"https:\/\/www.kohlhof.de\/kohlhof\/wp-json\/wp\/v2\/users\/55"}],"replies":[{"embeddable":true,"href":"https:\/\/www.kohlhof.de\/kohlhof\/wp-json\/wp\/v2\/comments?post=299"}],"version-history":[{"count":0,"href":"https:\/\/www.kohlhof.de\/kohlhof\/wp-json\/wp\/v2\/posts\/299\/revisions"}],"wp:attachment":[{"href":"https:\/\/www.kohlhof.de\/kohlhof\/wp-json\/wp\/v2\/media?parent=299"}],"wp:term":[{"taxonomy":"category","embeddable":true,"href":"https:\/\/www.kohlhof.de\/kohlhof\/wp-json\/wp\/v2\/categories?post=299"},{"taxonomy":"post_tag","embeddable":true,"href":"https:\/\/www.kohlhof.de\/kohlhof\/wp-json\/wp\/v2\/tags?post=299"}],"curies":[{"name":"wp","href":"https:\/\/api.w.org\/{rel}","templated":true}]}}