{"id":306,"date":"2006-07-19T08:54:40","date_gmt":"2006-07-19T06:54:40","guid":{"rendered":"http:\/\/www.kohlhof.de\/kohlhof\/?p=306"},"modified":"2006-08-06T21:05:27","modified_gmt":"2006-08-06T19:05:27","slug":"fliegende-schreihalse","status":"publish","type":"post","link":"https:\/\/www.kohlhof.de\/kohlhof\/2006\/07\/19\/fliegende-schreihalse\/","title":{"rendered":"Fliegende Schreih\u00e4lse"},"content":{"rendered":"<div class='__iawmlf-post-loop-links' style='display:none;' data-iawmlf-post-links='[{&quot;id&quot;:1106,&quot;href&quot;:&quot;http:\\\/\\\/marthas-blog.die-geilsten.net\\\/wp-trackback.php?p=214&quot;,&quot;archived_href&quot;:&quot;&quot;,&quot;redirect_href&quot;:&quot;&quot;,&quot;checks&quot;:[],&quot;broken&quot;:false,&quot;last_checked&quot;:null,&quot;process&quot;:&quot;done&quot;}]'><\/div>\n<p>Sie schreien wie am Spie\u00df: Die M\u00f6wen&#8230; sehen alle aus, als ob sie Emma hie\u00dfen. Sie tragen einen wei\u00dfen Flaus und sind mit Schrot zu schie\u00dfen (um an dieser Stelle endlich mal Herrn Morgenstern zu zitieren). Wenn der Nachwuchs beschlie\u00dft, ein eigenes Leben zu f\u00fchren, die wohlige Heimstatt der elterlichen vier W\u00e4nde zu verlassen, dann geht das oft nicht ohne Geschrei und Gekeife ab. Bei Rostocks M\u00f6wen ist es aber in diesen Tagen besonders schlimm. Morgens, mittags, abends h\u00f6rt man dieses penetrante und \u00fcberdurchschnittlich laute &#8220;Gr\u00e4\u00e4\u00e4\u00e4h, gr\u00e4\u00e4\u00e4\u00e4h&#8221;, dieses &#8220;Mohohohoho&#8221; oder &#8220;Arrr, arrr, arrrr&#8221;. Gestern und heute hat es mich aus dem Schlaf gerissen, am Wochenende am Einschlafen gehindert &#8211; und ich bin da wahrlich nicht besonders empfindlich. Aber wenn zu nachtschlafender Zeit eine Gro\u00dffamilie Seev\u00f6gel lauthals randalierend und marodierend am Schlafzimmerfenster vorbeizieht, kommt einem schnell der Gedanke, dass Herr Morgenstern mit den ersten vier Zeilen seines M\u00f6wen-Gedichts doch Recht haben k\u00f6nnte. Allerdings haben Sturm-, Lach- und Seem\u00f6wen angeblich einen guten Grund f\u00fcr dieses Theater. Der Nachwuchs ist jetzt in einem Alter, in dem er sich anschickt, selbst zu fliegen. Und dabei kann man offensichtlich viel falsch machen. Au\u00dferdem scheint ein unbedarfter wei\u00dfer Flattermann eine leichte Beute f\u00fcr allerlei anderes \u00fcbelmeinendes Getier zu sein. Aus diesem Grund machen die M\u00f6wen-Eltern diesen Rabatz. Das geht jetzt schon seit Wochen so. Irgendwann muss doch auch das j\u00fcngste K\u00fcken mal aus dem Gr\u00f6bsten raus sein, oder? Ich frage mich, warum die lieben Vogeleltern sich nicht mal ne halbe Stunde Zeit nehmen k\u00f6nnen f\u00fcr die Flugtheorie, anstatt einfach alle auf einmal losfliegen zu lassen. Ein paar Lektionen \u00fcber Thermik, effektive Flugtechniken, Flugverkehrsregeln \u00fcber bewohntem Gebiet und vor allem L\u00e4rm- und Emissionsschutz haben schlie\u00dflich noch niemandem geschadet.<\/p>\n<p><img loading=\"lazy\" decoding=\"async\" width=\"350\" height=\"16\" alt=\"Updatemeldungsbanner\" class=\"ohnerand\" src=\"https:\/\/www.kohlhof.de\/kohlhof\/wp-content\/uploads\/2006\/03\/updatemeldung.jpg\" \/>\n<\/p>\n<p>Und dann gibt es im Netz noch diese <a href=\"http:\/\/marthas-blog.die-geilsten.net\/wp-trackback.php?p=214\">Betrachtung \u00fcber M\u00f6wen<\/a>  und dass sie auf F\u00f6hr \u00e4hnlich nervig sind wie anderswo<\/p>\n","protected":false},"excerpt":{"rendered":"<p>Sie schreien wie am Spie\u00df: Die M\u00f6wen&#8230; sehen alle aus, als ob sie Emma hie\u00dfen. Sie tragen einen wei\u00dfen Flaus und sind mit Schrot zu schie\u00dfen (um an dieser Stelle endlich mal Herrn Morgenstern zu zitieren). Wenn der Nachwuchs beschlie\u00dft, ein eigenes Leben zu f\u00fchren, die wohlige Heimstatt der elterlichen vier W\u00e4nde zu verlassen, dann &hellip; <a href=\"https:\/\/www.kohlhof.de\/kohlhof\/2006\/07\/19\/fliegende-schreihalse\/\" class=\"more-link\"><span class=\"screen-reader-text\">\u201eFliegende Schreih\u00e4lse\u201c <\/span>weiterlesen<\/a><\/p>\n","protected":false},"author":55,"featured_media":0,"comment_status":"open","ping_status":"open","sticky":false,"template":"","format":"standard","meta":{"h5ap_radio_sources":[],"jetpack_post_was_ever_published":false,"_jetpack_newsletter_access":"","_jetpack_dont_email_post_to_subs":false,"_jetpack_newsletter_tier_id":0,"_jetpack_memberships_contains_paywalled_content":false,"_jetpack_memberships_contains_paid_content":false,"activitypub_content_warning":"","activitypub_content_visibility":"","activitypub_max_image_attachments":4,"activitypub_interaction_policy_quote":"anyone","activitypub_status":"","footnotes":"","jetpack_publicize_message":"","jetpack_publicize_feature_enabled":true,"jetpack_social_post_already_shared":false,"jetpack_social_options":{"image_generator_settings":{"template":"highway","default_image_id":0,"font":"","enabled":false},"version":2}},"categories":[1],"tags":[638,636],"class_list":["post-306","post","type-post","status-publish","format-standard","hentry","category-allgemein","tag-glosse","tag-tagebuch"],"jetpack_publicize_connections":[],"jetpack_featured_media_url":"","jetpack_sharing_enabled":true,"jetpack_shortlink":"https:\/\/wp.me\/paimI-4W","jetpack-related-posts":[],"_links":{"self":[{"href":"https:\/\/www.kohlhof.de\/kohlhof\/wp-json\/wp\/v2\/posts\/306","targetHints":{"allow":["GET"]}}],"collection":[{"href":"https:\/\/www.kohlhof.de\/kohlhof\/wp-json\/wp\/v2\/posts"}],"about":[{"href":"https:\/\/www.kohlhof.de\/kohlhof\/wp-json\/wp\/v2\/types\/post"}],"author":[{"embeddable":true,"href":"https:\/\/www.kohlhof.de\/kohlhof\/wp-json\/wp\/v2\/users\/55"}],"replies":[{"embeddable":true,"href":"https:\/\/www.kohlhof.de\/kohlhof\/wp-json\/wp\/v2\/comments?post=306"}],"version-history":[{"count":0,"href":"https:\/\/www.kohlhof.de\/kohlhof\/wp-json\/wp\/v2\/posts\/306\/revisions"}],"wp:attachment":[{"href":"https:\/\/www.kohlhof.de\/kohlhof\/wp-json\/wp\/v2\/media?parent=306"}],"wp:term":[{"taxonomy":"category","embeddable":true,"href":"https:\/\/www.kohlhof.de\/kohlhof\/wp-json\/wp\/v2\/categories?post=306"},{"taxonomy":"post_tag","embeddable":true,"href":"https:\/\/www.kohlhof.de\/kohlhof\/wp-json\/wp\/v2\/tags?post=306"}],"curies":[{"name":"wp","href":"https:\/\/api.w.org\/{rel}","templated":true}]}}