{"id":3186,"date":"2010-08-31T08:44:50","date_gmt":"2010-08-31T06:44:50","guid":{"rendered":"http:\/\/www.kohlhof.de\/kohlhof\/?p=3186"},"modified":"2023-06-07T19:52:00","modified_gmt":"2023-06-07T17:52:00","slug":"hintergrundinfos","status":"publish","type":"post","link":"https:\/\/www.kohlhof.de\/kohlhof\/2010\/08\/31\/hintergrundinfos\/","title":{"rendered":"Hintergrundinfos"},"content":{"rendered":"<div class='__iawmlf-post-loop-links' style='display:none;' data-iawmlf-post-links='[{&quot;id&quot;:337,&quot;href&quot;:&quot;http:\\\/\\\/www.tagesschau.de\\\/inland\\\/sarrazin154.html&quot;,&quot;archived_href&quot;:&quot;http:\\\/\\\/web-wp.archive.org\\\/web\\\/20230417083703\\\/https:\\\/\\\/www.tagesschau.de\\\/inland\\\/sarrazin154.html&quot;,&quot;redirect_href&quot;:&quot;&quot;,&quot;checks&quot;:[{&quot;date&quot;:&quot;2026-02-11 07:39:55&quot;,&quot;http_code&quot;:200},{&quot;date&quot;:&quot;2026-02-16 04:04:41&quot;,&quot;http_code&quot;:200},{&quot;date&quot;:&quot;2026-02-20 18:09:07&quot;,&quot;http_code&quot;:200},{&quot;date&quot;:&quot;2026-03-04 09:46:43&quot;,&quot;http_code&quot;:200},{&quot;date&quot;:&quot;2026-03-14 19:42:55&quot;,&quot;http_code&quot;:200},{&quot;date&quot;:&quot;2026-03-22 11:49:49&quot;,&quot;http_code&quot;:200},{&quot;date&quot;:&quot;2026-03-28 15:33:29&quot;,&quot;http_code&quot;:200},{&quot;date&quot;:&quot;2026-04-01 04:07:24&quot;,&quot;http_code&quot;:200},{&quot;date&quot;:&quot;2026-04-08 18:19:46&quot;,&quot;http_code&quot;:200},{&quot;date&quot;:&quot;2026-04-18 20:03:56&quot;,&quot;http_code&quot;:200},{&quot;date&quot;:&quot;2026-04-22 07:26:01&quot;,&quot;http_code&quot;:200},{&quot;date&quot;:&quot;2026-04-25 10:50:28&quot;,&quot;http_code&quot;:200}],&quot;broken&quot;:false,&quot;last_checked&quot;:{&quot;date&quot;:&quot;2026-04-25 10:50:28&quot;,&quot;http_code&quot;:200},&quot;process&quot;:&quot;done&quot;}]'><\/div>\n<p>Thilo Sarrazin scheint mir ein seltsamer Mensch zu sein. Er wirkt auf mich verwirrt, wenn er von speziellen Genen spricht, die einige angeblich haben und andere wiederum nicht oder \u00fcber Kopftuchm\u00e4dchen und doofe Einwanderer&#8230; also, nee. Das wirkt schon auf den ersten Blick oberfl\u00e4chlich, populistisch und \u00fcberhaupt: nicht weit genug gedacht. Es klingt nach Stammtisch &#8211; unheimlich und gef\u00e4hrlich. Und dann gestern auch noch diese Pressekonferenz, die der private Nachrichtensender N24 sogar live \u00fcbertragen haben soll. Sarrazin wundert sich im Blitzlichtgewitter, dass es schon so viel Aufregung um sein Buch gibt, wo er es doch gerade erst der \u00d6ffentlichkeit vorstellt. Hat niemand Thilo Sarrazin gesagt, dass a) Verlage \u00fcblicherweise Ansichtsexemplare an Buchh\u00e4ndler und Rezensionsexemplare an Journalisten verschicken (und zwar Wochen vor dem Ver\u00f6ffentlichungstermin) und vor allem b) dass Spiegel-online und Bild.de Ausz\u00fcge aus Sarrazins Werk vorab ver\u00f6ffentlicht haben?<\/p>\n<p>Zur\u00fcck zu den seltsamen Behauptungen, mit denen der Bundesbankvorstand ja auch in zahlreichen Interviews nicht zur\u00fcckhaltend war: <a title=\"&quot;Was ist dran an Sarrazins Thesen?&quot; auf tagesschau.de\" href=\"http:\/\/www.tagesschau.de\/inland\/sarrazin154.html\">Auf tagesschau.de gibt es einen Faktencheck zu Sarrazins Thesen<\/a>. Das Ergebnis \u00fcberrascht den gesunden Menschenverstand jedenfalls in keiner Weise.<\/p>\n","protected":false},"excerpt":{"rendered":"<p>Thilo Sarrazin scheint mir ein seltsamer Mensch zu sein. Er wirkt auf mich verwirrt, wenn er von speziellen Genen spricht, die einige angeblich haben und andere wiederum nicht oder \u00fcber Kopftuchm\u00e4dchen und doofe Einwanderer&#8230; also, nee. Das wirkt schon auf den ersten Blick oberfl\u00e4chlich, populistisch und \u00fcberhaupt: nicht weit genug gedacht. Es klingt nach Stammtisch &hellip; <a href=\"https:\/\/www.kohlhof.de\/kohlhof\/2010\/08\/31\/hintergrundinfos\/\" class=\"more-link\"><span class=\"screen-reader-text\">\u201eHintergrundinfos\u201c <\/span>weiterlesen<\/a><\/p>\n","protected":false},"author":55,"featured_media":0,"comment_status":"open","ping_status":"open","sticky":false,"template":"","format":"standard","meta":{"h5ap_radio_sources":[],"jetpack_post_was_ever_published":false,"_jetpack_newsletter_access":"","_jetpack_dont_email_post_to_subs":false,"_jetpack_newsletter_tier_id":0,"_jetpack_memberships_contains_paywalled_content":false,"_jetpack_memberships_contains_paid_content":false,"activitypub_content_warning":"","activitypub_content_visibility":"","activitypub_max_image_attachments":4,"activitypub_interaction_policy_quote":"anyone","activitypub_status":"","footnotes":"","jetpack_publicize_message":"","jetpack_publicize_feature_enabled":true,"jetpack_social_post_already_shared":false,"jetpack_social_options":{"image_generator_settings":{"template":"highway","default_image_id":0,"font":"","enabled":false},"version":2}},"categories":[2],"tags":[236,88,89,99,761],"class_list":["post-3186","post","type-post","status-publish","format-standard","hentry","category-politik-und-verwaltung","tag-buch","tag-deutschland","tag-innenpolitik","tag-literatur","tag-vorurteile"],"jetpack_publicize_connections":[],"jetpack_featured_media_url":"","jetpack_sharing_enabled":true,"jetpack_shortlink":"https:\/\/wp.me\/paimI-Po","jetpack-related-posts":[],"_links":{"self":[{"href":"https:\/\/www.kohlhof.de\/kohlhof\/wp-json\/wp\/v2\/posts\/3186","targetHints":{"allow":["GET"]}}],"collection":[{"href":"https:\/\/www.kohlhof.de\/kohlhof\/wp-json\/wp\/v2\/posts"}],"about":[{"href":"https:\/\/www.kohlhof.de\/kohlhof\/wp-json\/wp\/v2\/types\/post"}],"author":[{"embeddable":true,"href":"https:\/\/www.kohlhof.de\/kohlhof\/wp-json\/wp\/v2\/users\/55"}],"replies":[{"embeddable":true,"href":"https:\/\/www.kohlhof.de\/kohlhof\/wp-json\/wp\/v2\/comments?post=3186"}],"version-history":[{"count":1,"href":"https:\/\/www.kohlhof.de\/kohlhof\/wp-json\/wp\/v2\/posts\/3186\/revisions"}],"predecessor-version":[{"id":7324,"href":"https:\/\/www.kohlhof.de\/kohlhof\/wp-json\/wp\/v2\/posts\/3186\/revisions\/7324"}],"wp:attachment":[{"href":"https:\/\/www.kohlhof.de\/kohlhof\/wp-json\/wp\/v2\/media?parent=3186"}],"wp:term":[{"taxonomy":"category","embeddable":true,"href":"https:\/\/www.kohlhof.de\/kohlhof\/wp-json\/wp\/v2\/categories?post=3186"},{"taxonomy":"post_tag","embeddable":true,"href":"https:\/\/www.kohlhof.de\/kohlhof\/wp-json\/wp\/v2\/tags?post=3186"}],"curies":[{"name":"wp","href":"https:\/\/api.w.org\/{rel}","templated":true}]}}