{"id":3414,"date":"2011-02-12T20:12:52","date_gmt":"2011-02-12T19:12:52","guid":{"rendered":"http:\/\/www.kohlhof.de\/kohlhof\/?p=3414"},"modified":"2023-06-07T19:51:59","modified_gmt":"2023-06-07T17:51:59","slug":"warnemunde-im-februar","status":"publish","type":"post","link":"https:\/\/www.kohlhof.de\/kohlhof\/2011\/02\/12\/warnemunde-im-februar\/","title":{"rendered":"Warnem\u00fcnde im Februar"},"content":{"rendered":"<div class='__iawmlf-post-loop-links' style='display:none;' data-iawmlf-post-links='[{&quot;id&quot;:296,&quot;href&quot;:&quot;http:\\\/\\\/www.kuestenschutz.com\\\/kuestenschutz\\\/baltic.html&quot;,&quot;archived_href&quot;:&quot;http:\\\/\\\/web-wp.archive.org\\\/web\\\/20160304044940\\\/http:\\\/\\\/www.kuestenschutz.com\\\/kuestenschutz\\\/baltic.html&quot;,&quot;redirect_href&quot;:&quot;&quot;,&quot;checks&quot;:[{&quot;date&quot;:&quot;2026-02-11 06:55:40&quot;,&quot;http_code&quot;:404},{&quot;date&quot;:&quot;2026-02-27 06:39:51&quot;,&quot;http_code&quot;:404},{&quot;date&quot;:&quot;2026-03-14 15:26:31&quot;,&quot;http_code&quot;:404},{&quot;date&quot;:&quot;2026-03-19 15:52:13&quot;,&quot;http_code&quot;:404},{&quot;date&quot;:&quot;2026-03-27 12:04:07&quot;,&quot;http_code&quot;:503},{&quot;date&quot;:&quot;2026-03-31 05:51:08&quot;,&quot;http_code&quot;:503},{&quot;date&quot;:&quot;2026-04-04 09:11:45&quot;,&quot;http_code&quot;:404},{&quot;date&quot;:&quot;2026-04-09 09:34:53&quot;,&quot;http_code&quot;:503},{&quot;date&quot;:&quot;2026-04-13 15:23:06&quot;,&quot;http_code&quot;:404},{&quot;date&quot;:&quot;2026-04-21 04:04:35&quot;,&quot;http_code&quot;:404},{&quot;date&quot;:&quot;2026-04-26 13:08:57&quot;,&quot;http_code&quot;:503}],&quot;broken&quot;:true,&quot;last_checked&quot;:{&quot;date&quot;:&quot;2026-04-26 13:08:57&quot;,&quot;http_code&quot;:503},&quot;process&quot;:&quot;done&quot;}]'><\/div>\n<div data-carousel-extra='{&quot;blog_id&quot;:1,&quot;permalink&quot;:&quot;https:\/\/www.kohlhof.de\/kohlhof\/2011\/02\/12\/warnemunde-im-februar\/&quot;}' id='gallery-1' class='gallery galleryid-3414 gallery-columns-3 gallery-size-thumbnail'><figure class='gallery-item'>\n\t\t\t<div class='gallery-icon landscape'>\n\t\t\t\t<a href='https:\/\/www.kohlhof.de\/kohlhof\/2011\/02\/12\/warnemunde-im-februar\/warnemuende02\/'><img loading=\"lazy\" decoding=\"async\" width=\"150\" height=\"150\" src=\"https:\/\/www.kohlhof.de\/kohlhof\/wp-content\/uploads\/2011\/02\/warnemuende02-150x150.jpg\" class=\"attachment-thumbnail size-thumbnail\" alt=\"Bug des Notfallschleppers &quot;Baltic&quot;\" aria-describedby=\"gallery-1-3417\" data-attachment-id=\"3417\" data-permalink=\"https:\/\/www.kohlhof.de\/kohlhof\/2011\/02\/12\/warnemunde-im-februar\/warnemuende02\/\" data-orig-file=\"https:\/\/www.kohlhof.de\/kohlhof\/wp-content\/uploads\/2011\/02\/warnemuende02.jpg\" data-orig-size=\"1408,940\" data-comments-opened=\"1\" data-image-meta=\"{&quot;aperture&quot;:&quot;18&quot;,&quot;credit&quot;:&quot;&quot;,&quot;camera&quot;:&quot;Canon EOS 400D DIGITAL&quot;,&quot;caption&quot;:&quot;&quot;,&quot;created_timestamp&quot;:&quot;1297518773&quot;,&quot;copyright&quot;:&quot;&quot;,&quot;focal_length&quot;:&quot;17&quot;,&quot;iso&quot;:&quot;100&quot;,&quot;shutter_speed&quot;:&quot;0.05&quot;,&quot;title&quot;:&quot;&quot;}\" data-image-title=\"Fest vert\u00e4ut\" data-image-description=\"&lt;p&gt;Die Besatzung besteht aus 8 Mann, zwei Wochen dauert jeweils ihre Bereitschaft, dann kommt die Abl\u00f6sung.&lt;\/p&gt;\n\" data-image-caption=\"&lt;p&gt;Armdicke Tampen halten den Schlepper am Liegeplatz in Warnem\u00fcnde.&lt;\/p&gt;\n\" data-large-file=\"https:\/\/www.kohlhof.de\/kohlhof\/wp-content\/uploads\/2011\/02\/warnemuende02-1024x683.jpg\" \/><\/a>\n\t\t\t<\/div>\n\t\t\t\t<figcaption class='wp-caption-text gallery-caption' id='gallery-1-3417'>\n\t\t\t\tArmdicke Tampen halten den Schlepper am Liegeplatz in Warnem\u00fcnde.\n\t\t\t\t<\/figcaption><\/figure><figure class='gallery-item'>\n\t\t\t<div class='gallery-icon landscape'>\n\t\t\t\t<a href='https:\/\/www.kohlhof.de\/kohlhof\/2011\/02\/12\/warnemunde-im-februar\/warnemuende01\/'><img loading=\"lazy\" decoding=\"async\" width=\"150\" height=\"150\" src=\"https:\/\/www.kohlhof.de\/kohlhof\/wp-content\/uploads\/2011\/02\/warnemuende01-150x150.jpg\" class=\"attachment-thumbnail size-thumbnail\" alt=\"Markierung an der Bordwand des Notfallschleppers Baltic\" aria-describedby=\"gallery-1-3416\" data-attachment-id=\"3416\" data-permalink=\"https:\/\/www.kohlhof.de\/kohlhof\/2011\/02\/12\/warnemunde-im-februar\/warnemuende01\/\" data-orig-file=\"https:\/\/www.kohlhof.de\/kohlhof\/wp-content\/uploads\/2011\/02\/warnemuende01.jpg\" data-orig-size=\"1408,940\" data-comments-opened=\"1\" data-image-meta=\"{&quot;aperture&quot;:&quot;7.1&quot;,&quot;credit&quot;:&quot;&quot;,&quot;camera&quot;:&quot;Canon EOS 400D DIGITAL&quot;,&quot;caption&quot;:&quot;&quot;,&quot;created_timestamp&quot;:&quot;1297518527&quot;,&quot;copyright&quot;:&quot;&quot;,&quot;focal_length&quot;:&quot;17&quot;,&quot;iso&quot;:&quot;100&quot;,&quot;shutter_speed&quot;:&quot;0.005&quot;,&quot;title&quot;:&quot;&quot;}\" data-image-title=\"Rettungs-Zone\" data-image-description=\"&lt;p&gt;Der Notfallschlepper &amp;#8220;Baltic&amp;#8221; ist seit 24. September im Dienst, ist das st\u00e4rkste Schiff dieser Art an der deutschen Ostseek\u00fcste und soll auch daf\u00fcr sorgen, dass bei einer Havarie in der Kadettrinne nicht zu viel passiert.&lt;\/p&gt;\n\" data-image-caption=\"&lt;p&gt;Markierung an der Bordwand des neues Notfallschleppers &amp;#8220;Baltic&amp;#8221;&lt;\/p&gt;\n\" data-large-file=\"https:\/\/www.kohlhof.de\/kohlhof\/wp-content\/uploads\/2011\/02\/warnemuende01-1024x683.jpg\" \/><\/a>\n\t\t\t<\/div>\n\t\t\t\t<figcaption class='wp-caption-text gallery-caption' id='gallery-1-3416'>\n\t\t\t\tMarkierung an der Bordwand des neues Notfallschleppers &#8220;Baltic&#8221;\n\t\t\t\t<\/figcaption><\/figure><figure class='gallery-item'>\n\t\t\t<div class='gallery-icon landscape'>\n\t\t\t\t<a href='https:\/\/www.kohlhof.de\/kohlhof\/2011\/02\/12\/warnemunde-im-februar\/warnemuende04\/'><img loading=\"lazy\" decoding=\"async\" width=\"150\" height=\"150\" src=\"https:\/\/www.kohlhof.de\/kohlhof\/wp-content\/uploads\/2011\/02\/warnemuende04-150x150.jpg\" class=\"attachment-thumbnail size-thumbnail\" alt=\"Wei\u00dfer Namensschriftzug an schwarzer Bordwand\" aria-describedby=\"gallery-1-3419\" data-attachment-id=\"3419\" data-permalink=\"https:\/\/www.kohlhof.de\/kohlhof\/2011\/02\/12\/warnemunde-im-februar\/warnemuende04\/\" data-orig-file=\"https:\/\/www.kohlhof.de\/kohlhof\/wp-content\/uploads\/2011\/02\/warnemuende04.jpg\" data-orig-size=\"1408,940\" data-comments-opened=\"1\" data-image-meta=\"{&quot;aperture&quot;:&quot;8&quot;,&quot;credit&quot;:&quot;&quot;,&quot;camera&quot;:&quot;Canon EOS 400D DIGITAL&quot;,&quot;caption&quot;:&quot;&quot;,&quot;created_timestamp&quot;:&quot;1297518826&quot;,&quot;copyright&quot;:&quot;&quot;,&quot;focal_length&quot;:&quot;41&quot;,&quot;iso&quot;:&quot;100&quot;,&quot;shutter_speed&quot;:&quot;0.008&quot;,&quot;title&quot;:&quot;&quot;}\" data-image-title=\"Backbordwand der &amp;#8220;Baltic&amp;#8221;\" data-image-description=\"&lt;p&gt;Das sieht man schon von weitem: Der Schriftzug der &amp;#8220;Baltic&amp;#8221; wirkt gigantisch &amp;#8211; wie auch das ganze Schiff eine imposante Erscheinung bietet: L\u00e4nge 63 Meter, Breite 15 Meter. Alle anderen Schlepper wirken dagegen geradezu winzig.&lt;\/p&gt;\n\" data-image-caption=\"&lt;p&gt;Die Buchstaben sind gesch\u00e4tzt knapp drei Meter hoch.&lt;\/p&gt;\n\" data-large-file=\"https:\/\/www.kohlhof.de\/kohlhof\/wp-content\/uploads\/2011\/02\/warnemuende04-1024x683.jpg\" \/><\/a>\n\t\t\t<\/div>\n\t\t\t\t<figcaption class='wp-caption-text gallery-caption' id='gallery-1-3419'>\n\t\t\t\tDie Buchstaben sind gesch\u00e4tzt knapp drei Meter hoch.\n\t\t\t\t<\/figcaption><\/figure><figure class='gallery-item'>\n\t\t\t<div class='gallery-icon landscape'>\n\t\t\t\t<a href='https:\/\/www.kohlhof.de\/kohlhof\/2011\/02\/12\/warnemunde-im-februar\/warnemuende03\/'><img loading=\"lazy\" decoding=\"async\" width=\"150\" height=\"150\" src=\"https:\/\/www.kohlhof.de\/kohlhof\/wp-content\/uploads\/2011\/02\/warnemuende03-150x150.jpg\" class=\"attachment-thumbnail size-thumbnail\" alt=\"Rosa Spr\u00fchmarkierung um einen Metallbolzen\" aria-describedby=\"gallery-1-3418\" data-attachment-id=\"3418\" data-permalink=\"https:\/\/www.kohlhof.de\/kohlhof\/2011\/02\/12\/warnemunde-im-februar\/warnemuende03\/\" data-orig-file=\"https:\/\/www.kohlhof.de\/kohlhof\/wp-content\/uploads\/2011\/02\/warnemuende03.jpg\" data-orig-size=\"1408,940\" data-comments-opened=\"1\" data-image-meta=\"{&quot;aperture&quot;:&quot;5.6&quot;,&quot;credit&quot;:&quot;&quot;,&quot;camera&quot;:&quot;Canon EOS 400D DIGITAL&quot;,&quot;caption&quot;:&quot;&quot;,&quot;created_timestamp&quot;:&quot;1297518801&quot;,&quot;copyright&quot;:&quot;&quot;,&quot;focal_length&quot;:&quot;85&quot;,&quot;iso&quot;:&quot;100&quot;,&quot;shutter_speed&quot;:&quot;0.01&quot;,&quot;title&quot;:&quot;&quot;}\" data-image-title=\"Blume auf Beton\" data-image-description=\"&lt;p&gt;Direkt an der Kaikante markieren rosa Sp\u00fchfarbenklekse Metallbolzen. Ist bestimmt total wichtig.&lt;\/p&gt;\n\" data-image-caption=\"&lt;p&gt;Was das wohl zu bedeuten hat.&lt;\/p&gt;\n\" data-large-file=\"https:\/\/www.kohlhof.de\/kohlhof\/wp-content\/uploads\/2011\/02\/warnemuende03-1024x683.jpg\" \/><\/a>\n\t\t\t<\/div>\n\t\t\t\t<figcaption class='wp-caption-text gallery-caption' id='gallery-1-3418'>\n\t\t\t\tWas das wohl zu bedeuten hat.\n\t\t\t\t<\/figcaption><\/figure><figure class='gallery-item'>\n\t\t\t<div class='gallery-icon landscape'>\n\t\t\t\t<a href='https:\/\/www.kohlhof.de\/kohlhof\/2011\/02\/12\/warnemunde-im-februar\/warnemuende05\/'><img loading=\"lazy\" decoding=\"async\" width=\"150\" height=\"150\" src=\"https:\/\/www.kohlhof.de\/kohlhof\/wp-content\/uploads\/2011\/02\/warnemuende05-150x150.jpg\" class=\"attachment-thumbnail size-thumbnail\" alt=\"M\u00f6we imFlug von unten fotografiert\" aria-describedby=\"gallery-1-3420\" data-attachment-id=\"3420\" data-permalink=\"https:\/\/www.kohlhof.de\/kohlhof\/2011\/02\/12\/warnemunde-im-februar\/warnemuende05\/\" data-orig-file=\"https:\/\/www.kohlhof.de\/kohlhof\/wp-content\/uploads\/2011\/02\/warnemuende05.jpg\" data-orig-size=\"1408,940\" data-comments-opened=\"1\" data-image-meta=\"{&quot;aperture&quot;:&quot;10&quot;,&quot;credit&quot;:&quot;&quot;,&quot;camera&quot;:&quot;Canon EOS 400D DIGITAL&quot;,&quot;caption&quot;:&quot;&quot;,&quot;created_timestamp&quot;:&quot;1297520071&quot;,&quot;copyright&quot;:&quot;&quot;,&quot;focal_length&quot;:&quot;85&quot;,&quot;iso&quot;:&quot;100&quot;,&quot;shutter_speed&quot;:&quot;0.004&quot;,&quot;title&quot;:&quot;&quot;}\" data-image-title=\"M\u00f6we im Wind\" data-image-description=\"\" data-image-caption=\"&lt;p&gt;Zufallstreffer&lt;\/p&gt;\n\" data-large-file=\"https:\/\/www.kohlhof.de\/kohlhof\/wp-content\/uploads\/2011\/02\/warnemuende05-1024x683.jpg\" \/><\/a>\n\t\t\t<\/div>\n\t\t\t\t<figcaption class='wp-caption-text gallery-caption' id='gallery-1-3420'>\n\t\t\t\tZufallstreffer\n\t\t\t\t<\/figcaption><\/figure><figure class='gallery-item'>\n\t\t\t<div class='gallery-icon landscape'>\n\t\t\t\t<a href='https:\/\/www.kohlhof.de\/kohlhof\/2011\/02\/12\/warnemunde-im-februar\/warnemuende06\/'><img loading=\"lazy\" decoding=\"async\" width=\"150\" height=\"150\" src=\"https:\/\/www.kohlhof.de\/kohlhof\/wp-content\/uploads\/2011\/02\/warnemuende06-150x150.jpg\" class=\"attachment-thumbnail size-thumbnail\" alt=\"Harlekin auf der Drehbr\u00fccke in Warnem\u00fcnde\" aria-describedby=\"gallery-1-3421\" data-attachment-id=\"3421\" data-permalink=\"https:\/\/www.kohlhof.de\/kohlhof\/2011\/02\/12\/warnemunde-im-februar\/warnemuende06\/\" data-orig-file=\"https:\/\/www.kohlhof.de\/kohlhof\/wp-content\/uploads\/2011\/02\/warnemuende06.jpg\" data-orig-size=\"1408,940\" data-comments-opened=\"1\" data-image-meta=\"{&quot;aperture&quot;:&quot;10&quot;,&quot;credit&quot;:&quot;&quot;,&quot;camera&quot;:&quot;Canon EOS 400D DIGITAL&quot;,&quot;caption&quot;:&quot;&quot;,&quot;created_timestamp&quot;:&quot;1297520237&quot;,&quot;copyright&quot;:&quot;&quot;,&quot;focal_length&quot;:&quot;56&quot;,&quot;iso&quot;:&quot;100&quot;,&quot;shutter_speed&quot;:&quot;0.004&quot;,&quot;title&quot;:&quot;&quot;}\" data-image-title=\"Harlekin auf der Drehbr\u00fccke\" data-image-description=\"&lt;p&gt;Bei klarem Februar-Sonnenschein ist der leuchtende samtartige Mantel dieses Harlekins ein besonders lohnendes Motiv. Wer auch immer unter der Maske steckt, er hat sich hoffentlich gut warm gehalten. Trotz des Sonnenscheins war es in Warnem\u00fcnde heute eisig.&lt;\/p&gt;\n\" data-image-caption=\"&lt;p&gt;Auch eine Form des Broterwerbs: Als Harlekin auf der Drehbr\u00fccke am Alten Strom in Warnem\u00fcnde stehen.&lt;\/p&gt;\n\" data-large-file=\"https:\/\/www.kohlhof.de\/kohlhof\/wp-content\/uploads\/2011\/02\/warnemuende06-1024x683.jpg\" \/><\/a>\n\t\t\t<\/div>\n\t\t\t\t<figcaption class='wp-caption-text gallery-caption' id='gallery-1-3421'>\n\t\t\t\tAuch eine Form des Broterwerbs: Als Harlekin auf der Drehbr\u00fccke am Alten Strom in Warnem\u00fcnde stehen.\n\t\t\t\t<\/figcaption><\/figure><figure class='gallery-item'>\n\t\t\t<div class='gallery-icon landscape'>\n\t\t\t\t<a href='https:\/\/www.kohlhof.de\/kohlhof\/2011\/02\/12\/warnemunde-im-februar\/warnemuende07\/'><img loading=\"lazy\" decoding=\"async\" width=\"150\" height=\"150\" src=\"https:\/\/www.kohlhof.de\/kohlhof\/wp-content\/uploads\/2011\/02\/warnemuende07-150x150.jpg\" class=\"attachment-thumbnail size-thumbnail\" alt=\"M\u00f6we auf dem Gel\u00e4nder an Alten Strom\" aria-describedby=\"gallery-1-3422\" data-attachment-id=\"3422\" data-permalink=\"https:\/\/www.kohlhof.de\/kohlhof\/2011\/02\/12\/warnemunde-im-februar\/warnemuende07\/\" data-orig-file=\"https:\/\/www.kohlhof.de\/kohlhof\/wp-content\/uploads\/2011\/02\/warnemuende07.jpg\" data-orig-size=\"1408,940\" data-comments-opened=\"1\" data-image-meta=\"{&quot;aperture&quot;:&quot;8&quot;,&quot;credit&quot;:&quot;&quot;,&quot;camera&quot;:&quot;Canon EOS 400D DIGITAL&quot;,&quot;caption&quot;:&quot;&quot;,&quot;created_timestamp&quot;:&quot;1297520860&quot;,&quot;copyright&quot;:&quot;&quot;,&quot;focal_length&quot;:&quot;85&quot;,&quot;iso&quot;:&quot;800&quot;,&quot;shutter_speed&quot;:&quot;0.00025&quot;,&quot;title&quot;:&quot;&quot;}\" data-image-title=\"Logenplatz\" data-image-description=\"&lt;p&gt;Drama,Baby! Dieser Seevogel schien regelrecht posieren zu wollen. Jedenfalls war diese M\u00f6we besonders zutraulich&amp;#8230;. vermutlich haben ihre Kumpels mir das Portemonnaie gepl\u00fcndert, w\u00e4hrend sie mich abgelenkt hat. Man liest ja so viel \u00fcber die dreisten M\u00f6wen von Warnem\u00fcnde&amp;#8230;.&lt;\/p&gt;\n\" data-image-caption=\"&lt;p&gt;M\u00f6wen in Warnem\u00fcnde sind ja grunds\u00e4tzlich recht zurtraulich.&lt;\/p&gt;\n\" data-large-file=\"https:\/\/www.kohlhof.de\/kohlhof\/wp-content\/uploads\/2011\/02\/warnemuende07-1024x683.jpg\" \/><\/a>\n\t\t\t<\/div>\n\t\t\t\t<figcaption class='wp-caption-text gallery-caption' id='gallery-1-3422'>\n\t\t\t\tM\u00f6wen in Warnem\u00fcnde sind ja grunds\u00e4tzlich recht zurtraulich.\n\t\t\t\t<\/figcaption><\/figure><figure class='gallery-item'>\n\t\t\t<div class='gallery-icon landscape'>\n\t\t\t\t<a href='https:\/\/www.kohlhof.de\/kohlhof\/2011\/02\/12\/warnemunde-im-februar\/warnemuende08\/'><img loading=\"lazy\" decoding=\"async\" width=\"150\" height=\"150\" src=\"https:\/\/www.kohlhof.de\/kohlhof\/wp-content\/uploads\/2011\/02\/warnemuende08-150x150.jpg\" class=\"attachment-thumbnail size-thumbnail\" alt=\"Kleiner Fischkutter l\u00e4uft in Warnem\u00fcnde ein\" aria-describedby=\"gallery-1-3423\" data-attachment-id=\"3423\" data-permalink=\"https:\/\/www.kohlhof.de\/kohlhof\/2011\/02\/12\/warnemunde-im-februar\/warnemuende08\/\" data-orig-file=\"https:\/\/www.kohlhof.de\/kohlhof\/wp-content\/uploads\/2011\/02\/warnemuende08.jpg\" data-orig-size=\"1408,941\" data-comments-opened=\"1\" data-image-meta=\"{&quot;aperture&quot;:&quot;10&quot;,&quot;credit&quot;:&quot;&quot;,&quot;camera&quot;:&quot;Canon EOS 400D DIGITAL&quot;,&quot;caption&quot;:&quot;&quot;,&quot;created_timestamp&quot;:&quot;1297521130&quot;,&quot;copyright&quot;:&quot;&quot;,&quot;focal_length&quot;:&quot;85&quot;,&quot;iso&quot;:&quot;800&quot;,&quot;shutter_speed&quot;:&quot;0.0004&quot;,&quot;title&quot;:&quot;&quot;}\" data-image-title=\"Heimfahrt\" data-image-description=\"&lt;p&gt;Der Fischer steht entspannt am Heck, die Wintersonne strahlt. Aber warum tragen diese kleinen Kutter eigentlich oft nur Abk\u00fcrzungen ihres Heimathafens als Name. &amp;#8220;WAR 14&amp;#8221; ist nat\u00fcrlich nicht schlecht, aber w\u00e4ren nicht &amp;#8220;Gundula&amp;#8221;, &amp;#8220;Fischbr\u00f6tchen&amp;#8221; oder &amp;#8220;Butt&amp;#8221; ein bisschen netter?&lt;\/p&gt;\n\" data-image-caption=\"&lt;p&gt;Noch eine halbe Seemeile bis Feierabend&lt;\/p&gt;\n\" data-large-file=\"https:\/\/www.kohlhof.de\/kohlhof\/wp-content\/uploads\/2011\/02\/warnemuende08-1024x684.jpg\" \/><\/a>\n\t\t\t<\/div>\n\t\t\t\t<figcaption class='wp-caption-text gallery-caption' id='gallery-1-3423'>\n\t\t\t\tNoch eine halbe Seemeile bis Feierabend\n\t\t\t\t<\/figcaption><\/figure><figure class='gallery-item'>\n\t\t\t<div class='gallery-icon landscape'>\n\t\t\t\t<a href='https:\/\/www.kohlhof.de\/kohlhof\/2011\/02\/12\/warnemunde-im-februar\/warnemuende09\/'><img loading=\"lazy\" decoding=\"async\" width=\"150\" height=\"150\" src=\"https:\/\/www.kohlhof.de\/kohlhof\/wp-content\/uploads\/2011\/02\/warnemuende09-150x150.jpg\" class=\"attachment-thumbnail size-thumbnail\" alt=\"F\u00e4hrschiff passiert Nordermole Warnem\u00fcnde\" aria-describedby=\"gallery-1-3424\" data-attachment-id=\"3424\" data-permalink=\"https:\/\/www.kohlhof.de\/kohlhof\/2011\/02\/12\/warnemunde-im-februar\/warnemuende09\/\" data-orig-file=\"https:\/\/www.kohlhof.de\/kohlhof\/wp-content\/uploads\/2011\/02\/warnemuende09.jpg\" data-orig-size=\"1408,940\" data-comments-opened=\"1\" data-image-meta=\"{&quot;aperture&quot;:&quot;14&quot;,&quot;credit&quot;:&quot;&quot;,&quot;camera&quot;:&quot;Canon EOS 400D DIGITAL&quot;,&quot;caption&quot;:&quot;&quot;,&quot;created_timestamp&quot;:&quot;1297521235&quot;,&quot;copyright&quot;:&quot;&quot;,&quot;focal_length&quot;:&quot;73&quot;,&quot;iso&quot;:&quot;800&quot;,&quot;shutter_speed&quot;:&quot;0.000625&quot;,&quot;title&quot;:&quot;&quot;}\" data-image-title=\"Ankunft Warnem\u00fcnde\" data-image-description=\"&lt;p&gt;Immer, wenn ein F\u00e4hrschiff wie die &amp;#8220;Prins Joachim&amp;#8221; Warnem\u00fcnde anl\u00e4uft&amp;#8230;&lt;\/p&gt;\n\" data-image-caption=\"&lt;p&gt;Die &amp;#8220;Prins Joachim&amp;#8221; l\u00e4uft ein&lt;\/p&gt;\n\" data-large-file=\"https:\/\/www.kohlhof.de\/kohlhof\/wp-content\/uploads\/2011\/02\/warnemuende09-1024x683.jpg\" \/><\/a>\n\t\t\t<\/div>\n\t\t\t\t<figcaption class='wp-caption-text gallery-caption' id='gallery-1-3424'>\n\t\t\t\tDie &#8220;Prins Joachim&#8221; l\u00e4uft ein\n\t\t\t\t<\/figcaption><\/figure><figure class='gallery-item'>\n\t\t\t<div class='gallery-icon landscape'>\n\t\t\t\t<a href='https:\/\/www.kohlhof.de\/kohlhof\/2011\/02\/12\/warnemunde-im-februar\/warnemuende10\/'><img loading=\"lazy\" decoding=\"async\" width=\"150\" height=\"150\" src=\"https:\/\/www.kohlhof.de\/kohlhof\/wp-content\/uploads\/2011\/02\/warnemuende10-150x150.jpg\" class=\"attachment-thumbnail size-thumbnail\" alt=\"Kleine Welle bricht am Strand\" aria-describedby=\"gallery-1-3425\" data-attachment-id=\"3425\" data-permalink=\"https:\/\/www.kohlhof.de\/kohlhof\/2011\/02\/12\/warnemunde-im-februar\/warnemuende10\/\" data-orig-file=\"https:\/\/www.kohlhof.de\/kohlhof\/wp-content\/uploads\/2011\/02\/warnemuende10.jpg\" data-orig-size=\"1408,942\" data-comments-opened=\"1\" data-image-meta=\"{&quot;aperture&quot;:&quot;10&quot;,&quot;credit&quot;:&quot;&quot;,&quot;camera&quot;:&quot;Canon EOS 400D DIGITAL&quot;,&quot;caption&quot;:&quot;&quot;,&quot;created_timestamp&quot;:&quot;1297521831&quot;,&quot;copyright&quot;:&quot;&quot;,&quot;focal_length&quot;:&quot;56&quot;,&quot;iso&quot;:&quot;100&quot;,&quot;shutter_speed&quot;:&quot;0.004&quot;,&quot;title&quot;:&quot;&quot;}\" data-image-title=\"Brandungszone\" data-image-description=\"&lt;p&gt;&amp;#8230; rauschen wenig sp\u00e4ter jede Menge Wellen an den Strand von Warnem\u00fcnde. Das soll angeblich an der Bauweise der Scandlines-F\u00e4hren liegen &amp;#8211; und daran, dass vor ein paar Jahren st\u00e4rkere Motoren eingebaut worden sind.&lt;\/p&gt;\n\" data-image-caption=\"&lt;p&gt;Sieht kalt aus, ist auch kalt.&lt;\/p&gt;\n\" data-large-file=\"https:\/\/www.kohlhof.de\/kohlhof\/wp-content\/uploads\/2011\/02\/warnemuende10-1024x685.jpg\" \/><\/a>\n\t\t\t<\/div>\n\t\t\t\t<figcaption class='wp-caption-text gallery-caption' id='gallery-1-3425'>\n\t\t\t\tSieht kalt aus, ist auch kalt.\n\t\t\t\t<\/figcaption><\/figure><figure class='gallery-item'>\n\t\t\t<div class='gallery-icon landscape'>\n\t\t\t\t<a href='https:\/\/www.kohlhof.de\/kohlhof\/2011\/02\/12\/warnemunde-im-februar\/warnemuende11\/'><img loading=\"lazy\" decoding=\"async\" width=\"150\" height=\"150\" src=\"https:\/\/www.kohlhof.de\/kohlhof\/wp-content\/uploads\/2011\/02\/warnemuende11-150x150.jpg\" class=\"attachment-thumbnail size-thumbnail\" alt=\"Sonne spiegelt sich in Wasserlache am Strand\" aria-describedby=\"gallery-1-3426\" data-attachment-id=\"3426\" data-permalink=\"https:\/\/www.kohlhof.de\/kohlhof\/2011\/02\/12\/warnemunde-im-februar\/warnemuende11\/\" data-orig-file=\"https:\/\/www.kohlhof.de\/kohlhof\/wp-content\/uploads\/2011\/02\/warnemuende11.jpg\" data-orig-size=\"1408,939\" data-comments-opened=\"1\" data-image-meta=\"{&quot;aperture&quot;:&quot;16&quot;,&quot;credit&quot;:&quot;&quot;,&quot;camera&quot;:&quot;Canon EOS 400D DIGITAL&quot;,&quot;caption&quot;:&quot;&quot;,&quot;created_timestamp&quot;:&quot;1297521529&quot;,&quot;copyright&quot;:&quot;&quot;,&quot;focal_length&quot;:&quot;17&quot;,&quot;iso&quot;:&quot;100&quot;,&quot;shutter_speed&quot;:&quot;0.004&quot;,&quot;title&quot;:&quot;&quot;}\" data-image-title=\"Gl\u00e4nzende Aussicht\" data-image-description=\"\" data-image-caption=\"&lt;p&gt;Regen und Sturm der vergangenen Tage haben am Strand gro\u00dfe Wasserpf\u00fctzen hinterlassen.&lt;\/p&gt;\n\" data-large-file=\"https:\/\/www.kohlhof.de\/kohlhof\/wp-content\/uploads\/2011\/02\/warnemuende11-1024x682.jpg\" \/><\/a>\n\t\t\t<\/div>\n\t\t\t\t<figcaption class='wp-caption-text gallery-caption' id='gallery-1-3426'>\n\t\t\t\tRegen und Sturm der vergangenen Tage haben am Strand gro\u00dfe Wasserpf\u00fctzen hinterlassen.\n\t\t\t\t<\/figcaption><\/figure><figure class='gallery-item'>\n\t\t\t<div class='gallery-icon landscape'>\n\t\t\t\t<a href='https:\/\/www.kohlhof.de\/kohlhof\/2011\/02\/12\/warnemunde-im-februar\/warnemuende12\/'><img loading=\"lazy\" decoding=\"async\" width=\"150\" height=\"150\" src=\"https:\/\/www.kohlhof.de\/kohlhof\/wp-content\/uploads\/2011\/02\/warnemuende12-150x150.jpg\" class=\"attachment-thumbnail size-thumbnail\" alt=\"vier wei\u00df get\u00fcnchte Fassaden in der Alexandrinenstra\u00dfe\" aria-describedby=\"gallery-1-3415\" data-attachment-id=\"3415\" data-permalink=\"https:\/\/www.kohlhof.de\/kohlhof\/2011\/02\/12\/warnemunde-im-februar\/warnemuende12\/\" data-orig-file=\"https:\/\/www.kohlhof.de\/kohlhof\/wp-content\/uploads\/2011\/02\/warnemuende12.jpg\" data-orig-size=\"1402,940\" data-comments-opened=\"1\" data-image-meta=\"{&quot;aperture&quot;:&quot;14&quot;,&quot;credit&quot;:&quot;&quot;,&quot;camera&quot;:&quot;Canon EOS 400D DIGITAL&quot;,&quot;caption&quot;:&quot;&quot;,&quot;created_timestamp&quot;:&quot;1297522703&quot;,&quot;copyright&quot;:&quot;&quot;,&quot;focal_length&quot;:&quot;76&quot;,&quot;iso&quot;:&quot;100&quot;,&quot;shutter_speed&quot;:&quot;0.04&quot;,&quot;title&quot;:&quot;&quot;}\" data-image-title=\"Alte H\u00e4user in Warnem\u00fcnde\" data-image-description=\"\" data-image-caption=\"&lt;p&gt;\u00c4u\u00dferst schattig &amp;#8211; in die Alexandrinenstra\u00dfe mit den alten Fischer- und Kapit\u00e4nsh\u00e4uschen verirrt sich an einem sonnigen Februarwochenende fast kein einziger Spazierg\u00e4nger.&lt;\/p&gt;\n\" data-large-file=\"https:\/\/www.kohlhof.de\/kohlhof\/wp-content\/uploads\/2011\/02\/warnemuende12-1024x686.jpg\" \/><\/a>\n\t\t\t<\/div>\n\t\t\t\t<figcaption class='wp-caption-text gallery-caption' id='gallery-1-3415'>\n\t\t\t\t\u00c4u\u00dferst schattig &#8211; in die Alexandrinenstra\u00dfe mit den alten Fischer- und Kapit\u00e4nsh\u00e4uschen verirrt sich an einem sonnigen Februarwochenende fast kein einziger Spazierg\u00e4nger.\n\t\t\t\t<\/figcaption><\/figure>\n\t\t<\/div>\n\n<p>Bestes Februarwetter mit knackigem Sonnenschein und Temperaturen um den Gefrierpunkt &#8211; das sind ideale Vorraussetzungen f\u00fcr einen Fotoausflug nach Warnem\u00fcnde. In der Galerie gibt&#8217;s die Ausbeute von heute Nachmittag.<\/p>\n<p>Blickfang gleich zu Beginn war der Notfallschlepper &#8220;Baltic&#8221;, der seit September in Warnem\u00fcnde stationiert ist. Weitere Infos zu diesem schwarzen Giganten gibt es auf der Internetseite der <a title=\"Datenblatt zur &quot;Baltic&quot; auf der Internetseite der Arbeitsgemeinschaft K\u00fcstenschutz\" href=\"http:\/\/www.kuestenschutz.com\/kuestenschutz\/baltic.html\">Arbeitsgemeinschaft K\u00fcstenschutz<\/a>.<\/p>\n","protected":false},"excerpt":{"rendered":"<p>Bester Wetter heute in Rostock: Das war die Gelegenheit f\u00fcr einen Foto-Ausflug nach Warnem\u00fcnde. Ergebnis: Notfallschlepper, M\u00f6wen und ein Harlekin.<\/p>\n","protected":false},"author":55,"featured_media":0,"comment_status":"open","ping_status":"open","sticky":false,"template":"","format":"standard","meta":{"h5ap_radio_sources":[],"jetpack_post_was_ever_published":false,"_jetpack_newsletter_access":"","_jetpack_dont_email_post_to_subs":false,"_jetpack_newsletter_tier_id":0,"_jetpack_memberships_contains_paywalled_content":false,"_jetpack_memberships_contains_paid_content":false,"activitypub_content_warning":"","activitypub_content_visibility":"","activitypub_max_image_attachments":4,"activitypub_interaction_policy_quote":"anyone","activitypub_status":"","footnotes":"","jetpack_publicize_message":"","jetpack_publicize_feature_enabled":true,"jetpack_social_post_already_shared":false,"jetpack_social_options":{"image_generator_settings":{"template":"highway","default_image_id":0,"font":"","enabled":false},"version":2}},"categories":[2],"tags":[183,555,790,178,789,286,64],"class_list":["post-3414","post","type-post","status-publish","format-standard","hentry","category-politik-und-verwaltung","tag-fotos","tag-galerie","tag-mowen","tag-ostsee","tag-schiff","tag-strand","tag-warnemunde"],"jetpack_publicize_connections":[],"jetpack_featured_media_url":"","jetpack_sharing_enabled":true,"jetpack_shortlink":"https:\/\/wp.me\/paimI-T4","jetpack-related-posts":[],"_links":{"self":[{"href":"https:\/\/www.kohlhof.de\/kohlhof\/wp-json\/wp\/v2\/posts\/3414","targetHints":{"allow":["GET"]}}],"collection":[{"href":"https:\/\/www.kohlhof.de\/kohlhof\/wp-json\/wp\/v2\/posts"}],"about":[{"href":"https:\/\/www.kohlhof.de\/kohlhof\/wp-json\/wp\/v2\/types\/post"}],"author":[{"embeddable":true,"href":"https:\/\/www.kohlhof.de\/kohlhof\/wp-json\/wp\/v2\/users\/55"}],"replies":[{"embeddable":true,"href":"https:\/\/www.kohlhof.de\/kohlhof\/wp-json\/wp\/v2\/comments?post=3414"}],"version-history":[{"count":1,"href":"https:\/\/www.kohlhof.de\/kohlhof\/wp-json\/wp\/v2\/posts\/3414\/revisions"}],"predecessor-version":[{"id":7296,"href":"https:\/\/www.kohlhof.de\/kohlhof\/wp-json\/wp\/v2\/posts\/3414\/revisions\/7296"}],"wp:attachment":[{"href":"https:\/\/www.kohlhof.de\/kohlhof\/wp-json\/wp\/v2\/media?parent=3414"}],"wp:term":[{"taxonomy":"category","embeddable":true,"href":"https:\/\/www.kohlhof.de\/kohlhof\/wp-json\/wp\/v2\/categories?post=3414"},{"taxonomy":"post_tag","embeddable":true,"href":"https:\/\/www.kohlhof.de\/kohlhof\/wp-json\/wp\/v2\/tags?post=3414"}],"curies":[{"name":"wp","href":"https:\/\/api.w.org\/{rel}","templated":true}]}}