{"id":369,"date":"2006-08-12T15:25:39","date_gmt":"2006-08-12T13:25:39","guid":{"rendered":"http:\/\/www.kohlhof.de\/kohlhof\/?p=369"},"modified":"2009-02-16T10:21:36","modified_gmt":"2009-02-16T09:21:36","slug":"uber-der-hansesail","status":"publish","type":"post","link":"https:\/\/www.kohlhof.de\/kohlhof\/2006\/08\/12\/uber-der-hansesail\/","title":{"rendered":"\u00dcber der Hansesail"},"content":{"rendered":"<div class='__iawmlf-post-loop-links' style='display:none;' data-iawmlf-post-links='[]'><\/div>\n<p>Es gibt Tage, da best\u00e4tigt sich mein Gef\u00fchl, dass ich den besten Job der Welt habe. Heute war wieder so ein Tag: F\u00fcr eine Reportage \u00fcber das Seefliegertreffen anl\u00e4sslich der Hansesail bin ich auf dem Co-Piloten-Platz in einem Wasserflugzeug mitgeflogen. Von dort oben bietet sich ein beeindruckender Anblick der 300 Schiffe, die gerade gen Warnem\u00fcnde fuhren, dass ich fast vergessen h\u00e4tte, zu fotografieren&#8230; aber dann fiel es mir ja zum Gl\u00fcck noch rechtzeitig ein.<br \/>\n<img decoding=\"async\" src=\"https:\/\/www.kohlhof.de\/kohlhof\/wp-content\/uploads\/2006\/08\/sail_flug_01.jpg\" alt=\"sail_flug_01.jpg\" \/><\/p>\n<p class=\"bu\">Blick aus den Wolken. Die Gorch Fock f\u00fchrt die Geschwaderfahrt an.<\/p>\n<p><img decoding=\"async\" src=\"https:\/\/www.kohlhof.de\/kohlhof\/wp-content\/uploads\/2006\/08\/sail_flug_02.jpg\" alt=\"sail_flug_02.jpg\" \/><\/p>\n<p class=\"bu\">Dahinter eine lange Reihe mit historischen Schiffen auf der Warnow. Wir flogen \u00fcbrigens gerade eine Kurve, was am &#8220;schiefen&#8221; Horizont zuerkennen ist.<\/p>\n<p><img decoding=\"async\" src=\"https:\/\/www.kohlhof.de\/kohlhof\/wp-content\/uploads\/2006\/08\/sail_flug_03.jpg\" alt=\"sail_flug_03.jpg\" \/><\/p>\n<p class=\"bu\">Es sind wirklich viele Schiffe Gast bei der Hansesail.<\/p>\n<p><img decoding=\"async\" src=\"https:\/\/www.kohlhof.de\/kohlhof\/wp-content\/uploads\/2006\/08\/sail_flug_04.jpg\" alt=\"sail_flug_04.jpg\" \/><\/p>\n<p class=\"bu\">Noch einBlick auf die Warnowm\u00fcndung am dritten Hansesailtag.<\/p>\n<p><img decoding=\"async\" src=\"https:\/\/www.kohlhof.de\/kohlhof\/wp-content\/uploads\/2006\/08\/sail_flug_05.jpg\" alt=\"sail_flug_05.jpg\" \/><\/p>\n<p class=\"bu\">Und noch einer. Viel besser als google-Earth.<\/p>\n","protected":false},"excerpt":{"rendered":"<p>Es gibt Tage, da best\u00e4tigt sich mein Gef\u00fchl, dass ich den besten Job der Welt habe. Heute war wieder so ein Tag: F\u00fcr eine Reportage \u00fcber das Seefliegertreffen anl\u00e4sslich der Hansesail bin ich auf dem Co-Piloten-Platz in einem Wasserflugzeug mitgeflogen. Von dort oben bietet sich ein beeindruckender Anblick der 300 Schiffe, die gerade gen Warnem\u00fcnde &hellip; <a href=\"https:\/\/www.kohlhof.de\/kohlhof\/2006\/08\/12\/uber-der-hansesail\/\" class=\"more-link\"><span class=\"screen-reader-text\">\u201e\u00dcber der Hansesail\u201c <\/span>weiterlesen<\/a><\/p>\n","protected":false},"author":55,"featured_media":0,"comment_status":"open","ping_status":"open","sticky":false,"template":"","format":"standard","meta":{"h5ap_radio_sources":[],"jetpack_post_was_ever_published":false,"_jetpack_newsletter_access":"","_jetpack_dont_email_post_to_subs":false,"_jetpack_newsletter_tier_id":0,"_jetpack_memberships_contains_paywalled_content":false,"_jetpack_memberships_contains_paid_content":false,"activitypub_content_warning":"","activitypub_content_visibility":"","activitypub_max_image_attachments":4,"activitypub_interaction_policy_quote":"anyone","activitypub_status":"","footnotes":"","jetpack_publicize_message":"","jetpack_publicize_feature_enabled":true,"jetpack_social_post_already_shared":false,"jetpack_social_options":{"image_generator_settings":{"template":"highway","default_image_id":0,"font":"","enabled":false},"version":2}},"categories":[2,7],"tags":[183,22,261,1022,642],"class_list":["post-369","post","type-post","status-publish","format-standard","hentry","category-politik-und-verwaltung","category-arbeit","tag-fotos","tag-hansesail","tag-luftfahrt","tag-arbeit","tag-reporter"],"jetpack_publicize_connections":[],"jetpack_featured_media_url":"","jetpack_sharing_enabled":true,"jetpack_shortlink":"https:\/\/wp.me\/paimI-5X","jetpack-related-posts":[],"_links":{"self":[{"href":"https:\/\/www.kohlhof.de\/kohlhof\/wp-json\/wp\/v2\/posts\/369","targetHints":{"allow":["GET"]}}],"collection":[{"href":"https:\/\/www.kohlhof.de\/kohlhof\/wp-json\/wp\/v2\/posts"}],"about":[{"href":"https:\/\/www.kohlhof.de\/kohlhof\/wp-json\/wp\/v2\/types\/post"}],"author":[{"embeddable":true,"href":"https:\/\/www.kohlhof.de\/kohlhof\/wp-json\/wp\/v2\/users\/55"}],"replies":[{"embeddable":true,"href":"https:\/\/www.kohlhof.de\/kohlhof\/wp-json\/wp\/v2\/comments?post=369"}],"version-history":[{"count":0,"href":"https:\/\/www.kohlhof.de\/kohlhof\/wp-json\/wp\/v2\/posts\/369\/revisions"}],"wp:attachment":[{"href":"https:\/\/www.kohlhof.de\/kohlhof\/wp-json\/wp\/v2\/media?parent=369"}],"wp:term":[{"taxonomy":"category","embeddable":true,"href":"https:\/\/www.kohlhof.de\/kohlhof\/wp-json\/wp\/v2\/categories?post=369"},{"taxonomy":"post_tag","embeddable":true,"href":"https:\/\/www.kohlhof.de\/kohlhof\/wp-json\/wp\/v2\/tags?post=369"}],"curies":[{"name":"wp","href":"https:\/\/api.w.org\/{rel}","templated":true}]}}