{"id":457,"date":"2006-12-17T11:58:37","date_gmt":"2006-12-17T09:58:37","guid":{"rendered":"http:\/\/www.kohlhof.de\/kohlhof\/?p=457"},"modified":"2006-12-17T11:58:37","modified_gmt":"2006-12-17T09:58:37","slug":"auch-du-bist-person-des-jahres","status":"publish","type":"post","link":"https:\/\/www.kohlhof.de\/kohlhof\/2006\/12\/17\/auch-du-bist-person-des-jahres\/","title":{"rendered":"Auch Du bist Person des Jahres"},"content":{"rendered":"<div class='__iawmlf-post-loop-links' style='display:none;' data-iawmlf-post-links='[{&quot;id&quot;:1004,&quot;href&quot;:&quot;http:\\\/\\\/www.time.com\\\/time\\\/magazine\\\/article\\\/0,9171,1569514,00.html&quot;,&quot;archived_href&quot;:&quot;http:\\\/\\\/web-wp.archive.org\\\/web\\\/20130828025236\\\/http:\\\/\\\/www.time.com:80\\\/time\\\/magazine\\\/article\\\/0,9171,1569514,00.html&quot;,&quot;redirect_href&quot;:&quot;&quot;,&quot;checks&quot;:[{&quot;date&quot;:&quot;2026-02-11 19:28:20&quot;,&quot;http_code&quot;:404},{&quot;date&quot;:&quot;2026-02-22 06:22:08&quot;,&quot;http_code&quot;:404},{&quot;date&quot;:&quot;2026-03-15 09:18:42&quot;,&quot;http_code&quot;:404},{&quot;date&quot;:&quot;2026-03-20 17:33:55&quot;,&quot;http_code&quot;:404},{&quot;date&quot;:&quot;2026-04-01 07:37:01&quot;,&quot;http_code&quot;:404},{&quot;date&quot;:&quot;2026-04-09 12:24:53&quot;,&quot;http_code&quot;:404},{&quot;date&quot;:&quot;2026-04-22 00:50:46&quot;,&quot;http_code&quot;:404},{&quot;date&quot;:&quot;2026-04-25 01:55:42&quot;,&quot;http_code&quot;:404}],&quot;broken&quot;:true,&quot;last_checked&quot;:{&quot;date&quot;:&quot;2026-04-25 01:55:42&quot;,&quot;http_code&quot;:404},&quot;process&quot;:&quot;done&quot;},{&quot;id&quot;:1005,&quot;href&quot;:&quot;http:\\\/\\\/www.bbv-net.de\\\/public\\\/article\\\/aktuelles\\\/digitale\\\/internet\\\/387752&quot;,&quot;archived_href&quot;:&quot;&quot;,&quot;redirect_href&quot;:&quot;https:\\\/\\\/www.bbv-net.de\\\/public\\\/article\\\/aktuelles\\\/digitale\\\/internet\\\/387752&quot;,&quot;checks&quot;:[],&quot;broken&quot;:false,&quot;last_checked&quot;:null,&quot;process&quot;:&quot;done&quot;},{&quot;id&quot;:1006,&quot;href&quot;:&quot;http:\\\/\\\/de.wikipedia.org\\\/wiki\\\/Person_of_the_Year&quot;,&quot;archived_href&quot;:&quot;http:\\\/\\\/web-wp.archive.org\\\/web\\\/20260203034929\\\/https:\\\/\\\/de.wikipedia.org\\\/wiki\\\/Person_of_the_Year&quot;,&quot;redirect_href&quot;:&quot;&quot;,&quot;checks&quot;:[{&quot;date&quot;:&quot;2026-02-11 19:28:23&quot;,&quot;http_code&quot;:200},{&quot;date&quot;:&quot;2026-02-22 06:22:08&quot;,&quot;http_code&quot;:429},{&quot;date&quot;:&quot;2026-03-15 09:18:40&quot;,&quot;http_code&quot;:429},{&quot;date&quot;:&quot;2026-03-20 17:33:55&quot;,&quot;http_code&quot;:200},{&quot;date&quot;:&quot;2026-04-01 07:37:01&quot;,&quot;http_code&quot;:200},{&quot;date&quot;:&quot;2026-04-09 12:24:49&quot;,&quot;http_code&quot;:503},{&quot;date&quot;:&quot;2026-04-22 00:50:47&quot;,&quot;http_code&quot;:200},{&quot;date&quot;:&quot;2026-04-25 01:55:42&quot;,&quot;http_code&quot;:200}],&quot;broken&quot;:false,&quot;last_checked&quot;:{&quot;date&quot;:&quot;2026-04-25 01:55:42&quot;,&quot;http_code&quot;:200},&quot;process&quot;:&quot;done&quot;}]'><\/div>\n<p>Herzlichen Gl\u00fcckwunsch! Auch Du hast es Dir verdient -und die Auszeichung ist ja wirklich nicht schlecht! Das <a href=\"http:\/\/www.time.com\/time\/magazine\/article\/0,9171,1569514,00.html\">Time-Magazine<\/a>  hat jeden einzelnen Internetutzer zur &#8220;Person des Jahres&#8221; gek\u00fcrt. Jeder, der das Netz der Netze nutze, habe sich die Auszeichnung als &#8220;<a href=\"http:\/\/www.bbv-net.de\/public\/article\/aktuelles\/digitale\/internet\/387752\">B\u00fcrger der digitalen Demokratie<\/a>&#8221; verdient, begr\u00fcndet das US-Blatt seine Entscheidung. Das Titelblatt ist mit einem Spiegel beklebt, in dem sich der Leser sieht.<\/p>\n<p>Damit reihen wir alle uns ein in die illustre Liste der Ausgezeichneten, wie <a href=\"http:\/\/de.wikipedia.org\/wiki\/Person_of_the_Year\">zum Beispiel Michail Gorbatschow, Charles Lindbergh, Mahatma Gandhi, Bono und Bill Gates. Das Magazin hatte 1938 allerdings Hitler zum Menschen des Jahres gek\u00fcrt &#8211;<\/a>  was f\u00fcr ein Fehlgriff.<\/p>\n","protected":false},"excerpt":{"rendered":"<p>Herzlichen Gl\u00fcckwunsch! Auch Du hast es Dir verdient -und die Auszeichung ist ja wirklich nicht schlecht! Das Time-Magazine hat jeden einzelnen Internetutzer zur &#8220;Person des Jahres&#8221; gek\u00fcrt. Jeder, der das Netz der Netze nutze, habe sich die Auszeichnung als &#8220;B\u00fcrger der digitalen Demokratie&#8221; verdient, begr\u00fcndet das US-Blatt seine Entscheidung. Das Titelblatt ist mit einem Spiegel &hellip; <a href=\"https:\/\/www.kohlhof.de\/kohlhof\/2006\/12\/17\/auch-du-bist-person-des-jahres\/\" class=\"more-link\"><span class=\"screen-reader-text\">\u201eAuch Du bist Person des Jahres\u201c <\/span>weiterlesen<\/a><\/p>\n","protected":false},"author":55,"featured_media":0,"comment_status":"open","ping_status":"open","sticky":false,"template":"","format":"standard","meta":{"h5ap_radio_sources":[],"jetpack_post_was_ever_published":false,"_jetpack_newsletter_access":"","_jetpack_dont_email_post_to_subs":false,"_jetpack_newsletter_tier_id":0,"_jetpack_memberships_contains_paywalled_content":false,"_jetpack_memberships_contains_paid_content":false,"activitypub_content_warning":"","activitypub_content_visibility":"","activitypub_max_image_attachments":4,"activitypub_interaction_policy_quote":"anyone","activitypub_status":"","footnotes":"","jetpack_publicize_message":"","jetpack_publicize_feature_enabled":true,"jetpack_social_post_already_shared":false,"jetpack_social_options":{"image_generator_settings":{"template":"highway","default_image_id":0,"font":"","enabled":false},"version":2}},"categories":[2],"tags":[108,641,74],"class_list":["post-457","post","type-post","status-publish","format-standard","hentry","category-politik-und-verwaltung","tag-aktuell","tag-journalismus","tag-leute"],"jetpack_publicize_connections":[],"jetpack_featured_media_url":"","jetpack_sharing_enabled":true,"jetpack_shortlink":"https:\/\/wp.me\/paimI-7n","jetpack-related-posts":[],"_links":{"self":[{"href":"https:\/\/www.kohlhof.de\/kohlhof\/wp-json\/wp\/v2\/posts\/457","targetHints":{"allow":["GET"]}}],"collection":[{"href":"https:\/\/www.kohlhof.de\/kohlhof\/wp-json\/wp\/v2\/posts"}],"about":[{"href":"https:\/\/www.kohlhof.de\/kohlhof\/wp-json\/wp\/v2\/types\/post"}],"author":[{"embeddable":true,"href":"https:\/\/www.kohlhof.de\/kohlhof\/wp-json\/wp\/v2\/users\/55"}],"replies":[{"embeddable":true,"href":"https:\/\/www.kohlhof.de\/kohlhof\/wp-json\/wp\/v2\/comments?post=457"}],"version-history":[{"count":0,"href":"https:\/\/www.kohlhof.de\/kohlhof\/wp-json\/wp\/v2\/posts\/457\/revisions"}],"wp:attachment":[{"href":"https:\/\/www.kohlhof.de\/kohlhof\/wp-json\/wp\/v2\/media?parent=457"}],"wp:term":[{"taxonomy":"category","embeddable":true,"href":"https:\/\/www.kohlhof.de\/kohlhof\/wp-json\/wp\/v2\/categories?post=457"},{"taxonomy":"post_tag","embeddable":true,"href":"https:\/\/www.kohlhof.de\/kohlhof\/wp-json\/wp\/v2\/tags?post=457"}],"curies":[{"name":"wp","href":"https:\/\/api.w.org\/{rel}","templated":true}]}}