{"id":4589,"date":"2013-03-09T19:36:11","date_gmt":"2013-03-09T18:36:11","guid":{"rendered":"http:\/\/www.kohlhof.de\/kohlhof\/?p=4589"},"modified":"2023-06-07T19:51:33","modified_gmt":"2023-06-07T17:51:33","slug":"wenn-firefox-langsam-startet","status":"publish","type":"post","link":"https:\/\/www.kohlhof.de\/kohlhof\/2013\/03\/09\/wenn-firefox-langsam-startet\/","title":{"rendered":"Wenn Firefox langsam startet"},"content":{"rendered":"<div class='__iawmlf-post-loop-links' style='display:none;' data-iawmlf-post-links='[]'><\/div>\n<p>Es ist so ein toller Browser, der Firefox. Aber manchmal kommt er einfach nicht aus dem Knick. Man doppelklickt auf die Verkn\u00fcpfung im Startmen\u00fc, auf dem Desktop oder in der Taskleiste. Und was passiert? Geht etwa ein Firefox-Fenster auf? Nein. Man klickt irgendwann noch mal &#8211; und dann, nach einer halben digitalen Ewigkeit, geht ein Fenster auf und dann gleich noch eins. In meinem Fall halfen alle L\u00f6sungsvorschl\u00e4ge nichts, alles war ganz anders.<\/p>\n<p>&#8220;Liegts am Benutzerprofil? Vielleicht ist es vergriesgnaddelt, lege ein neues an.&#8221; Startet Firefox schneller? Wer wei\u00df. &#8220;Bremst ein Virenscanner den Browserstart? Oder nutze doch ein Plugin, das das Programm beschleunigt.&#8221; Fragen und Tipps, die in manchen F\u00e4llen m\u00f6glicherweise helfen. Mit dem Virenscanner und dem Plugin, das kam mir sowieso ein bisschen komisch vor. Ich wei\u00df nicht, warum, aber ich habe zun\u00e4chst mal nachgesehen, wo die Verkn\u00fcpfung in meiner Windows-7-Home-Premium-64bit-Taskleiste eigentlich hinweist.\u00a0 Und siehe da: Der Link zeigte auf einen Mozilla-Ordner im &#8220;Appdata&#8221;-Verzeichnis. Irgendwie komisch.<\/p>\n<p>Im Verzeichnis mit den Anwendungsdaten sollen eigentlich nur jede Menge Einstellungen f\u00fcr alle m\u00f6glichen Programme liegen, die werden da sozusagen zwischengespeichert. Warum dort auch eine Installation von Firefox lag&#8230; keine Ahnung. Der Ordner &#8220;Anwendungsdaten&#8221; ist ja sogar standardm\u00e4\u00dfig gar nicht zu sehen.<\/p>\n<p>Wie auch immer.\u00a0 Ganz offensichtlich kostet der Umweg \u00fcber das AppData-Verzeichnis jede Menge Zeit. Ich habe das Ziel der Firefox-Verkn\u00fcpfung umgelenkt auf die entsprechende Exe im Programme-Unterordner, also in etwa dorthin: &#8220;C:\\Program Files (x86)\\Mozilla Firefox&#8221;. Und seitdem: Woooosh again. Firefox kommt wieder aus dem Knick.<\/p>\n","protected":false},"excerpt":{"rendered":"<p>Fiefox ausgebremst, Bremse gel\u00f6st mit einer neu verlinkten Verkn\u00fcpfung.<\/p>\n","protected":false},"author":55,"featured_media":0,"comment_status":"open","ping_status":"open","sticky":false,"template":"","format":"standard","meta":{"h5ap_radio_sources":[],"jetpack_post_was_ever_published":false,"_jetpack_newsletter_access":"","_jetpack_dont_email_post_to_subs":false,"_jetpack_newsletter_tier_id":0,"_jetpack_memberships_contains_paywalled_content":false,"_jetpack_memberships_contains_paid_content":false,"activitypub_content_warning":"","activitypub_content_visibility":"","activitypub_max_image_attachments":4,"activitypub_interaction_policy_quote":"anyone","activitypub_status":"","footnotes":"","jetpack_publicize_message":"","jetpack_publicize_feature_enabled":true,"jetpack_social_post_already_shared":true,"jetpack_social_options":{"image_generator_settings":{"template":"highway","default_image_id":0,"font":"","enabled":false},"version":2}},"categories":[1],"tags":[126,905,904],"class_list":["post-4589","post","type-post","status-publish","format-standard","hentry","category-allgemein","tag-firefox","tag-langsam","tag-tipp"],"jetpack_publicize_connections":[],"jetpack_featured_media_url":"","jetpack_sharing_enabled":true,"jetpack_shortlink":"https:\/\/wp.me\/paimI-1c1","jetpack-related-posts":[],"_links":{"self":[{"href":"https:\/\/www.kohlhof.de\/kohlhof\/wp-json\/wp\/v2\/posts\/4589","targetHints":{"allow":["GET"]}}],"collection":[{"href":"https:\/\/www.kohlhof.de\/kohlhof\/wp-json\/wp\/v2\/posts"}],"about":[{"href":"https:\/\/www.kohlhof.de\/kohlhof\/wp-json\/wp\/v2\/types\/post"}],"author":[{"embeddable":true,"href":"https:\/\/www.kohlhof.de\/kohlhof\/wp-json\/wp\/v2\/users\/55"}],"replies":[{"embeddable":true,"href":"https:\/\/www.kohlhof.de\/kohlhof\/wp-json\/wp\/v2\/comments?post=4589"}],"version-history":[{"count":1,"href":"https:\/\/www.kohlhof.de\/kohlhof\/wp-json\/wp\/v2\/posts\/4589\/revisions"}],"predecessor-version":[{"id":7133,"href":"https:\/\/www.kohlhof.de\/kohlhof\/wp-json\/wp\/v2\/posts\/4589\/revisions\/7133"}],"wp:attachment":[{"href":"https:\/\/www.kohlhof.de\/kohlhof\/wp-json\/wp\/v2\/media?parent=4589"}],"wp:term":[{"taxonomy":"category","embeddable":true,"href":"https:\/\/www.kohlhof.de\/kohlhof\/wp-json\/wp\/v2\/categories?post=4589"},{"taxonomy":"post_tag","embeddable":true,"href":"https:\/\/www.kohlhof.de\/kohlhof\/wp-json\/wp\/v2\/tags?post=4589"}],"curies":[{"name":"wp","href":"https:\/\/api.w.org\/{rel}","templated":true}]}}