{"id":5098,"date":"2014-06-19T11:04:56","date_gmt":"2014-06-19T09:04:56","guid":{"rendered":"http:\/\/www.kohlhof.de\/kohlhof\/?p=5098"},"modified":"2023-06-07T19:51:07","modified_gmt":"2023-06-07T17:51:07","slug":"bergwacht-beim-thronwechsel","status":"publish","type":"post","link":"https:\/\/www.kohlhof.de\/kohlhof\/2014\/06\/19\/bergwacht-beim-thronwechsel\/","title":{"rendered":"Bergwacht beim Thronwechsel"},"content":{"rendered":"<div class='__iawmlf-post-loop-links' style='display:none;' data-iawmlf-post-links='[]'><\/div>\n<p>Laufb\u00e4nder mit aktuellen Meldungen k\u00f6nnen im Fernsehen eine sinnvolle Erg\u00e4nzung sein. Allerdings muss das nicht zwangsl\u00e4ufig bedeuten, dass diese sich auch selbst sinnvoll erg\u00e4nzen. Aber jetzt gerade funktioniert es im Gro\u00dfe-Bagger-m\u00fcssen-Umziehen-Sender &#8220;n-tv&#8221; mehr oder weniger gut. F\u00fcr Spaniens neuen K\u00f6nig jedenfalls beginnen die ersten Minuten als Regent augenscheinlich sehr dramatisch&#8230;. wenn wir den Livetickern glauben d\u00fcrfen.<\/p>\n<figure id=\"attachment_5099\" aria-describedby=\"caption-attachment-5099\" style=\"width: 1024px\" class=\"wp-caption alignleft\"><a href=\"https:\/\/www.kohlhof.de\/kohlhof\/2014\/06\/19\/bergwacht-beim-thronwechsel\/img_4462\/\" rel=\"attachment wp-att-5099\"><img loading=\"lazy\" decoding=\"async\" data-attachment-id=\"5099\" data-permalink=\"https:\/\/www.kohlhof.de\/kohlhof\/2014\/06\/19\/bergwacht-beim-thronwechsel\/img_4462\/\" data-orig-file=\"https:\/\/www.kohlhof.de\/kohlhof\/wp-content\/uploads\/2014\/06\/IMG_4462.jpg\" data-orig-size=\"1024,768\" data-comments-opened=\"1\" data-image-meta=\"{&quot;aperture&quot;:&quot;2.4&quot;,&quot;credit&quot;:&quot;&quot;,&quot;camera&quot;:&quot;iPhone 4S&quot;,&quot;caption&quot;:&quot;&quot;,&quot;created_timestamp&quot;:&quot;1403174144&quot;,&quot;copyright&quot;:&quot;&quot;,&quot;focal_length&quot;:&quot;4.28&quot;,&quot;iso&quot;:&quot;64&quot;,&quot;shutter_speed&quot;:&quot;0.025&quot;,&quot;title&quot;:&quot;&quot;}\" data-image-title=\"Steile und rutschige H\u00e4nge bei der Thronfolge\" data-image-description=\"&lt;p&gt;F\u00fcr Felipe scheint der erste Arbeitstag im neuen Job mit ungew\u00f6hnlichen Anstrengungen verbunden zu sein.&lt;\/p&gt;\n\" data-image-caption=\"&lt;p&gt;F\u00fcr Felipe scheint der erste Arbeitstag im neuen Job mit ungew\u00f6hnlichen Anstrengungen verbunden zu sein.&lt;\/p&gt;\n\" data-large-file=\"https:\/\/www.kohlhof.de\/kohlhof\/wp-content\/uploads\/2014\/06\/IMG_4462.jpg\" class=\"size-full wp-image-5099\" src=\"https:\/\/www.kohlhof.de\/kohlhof\/wp-content\/uploads\/2014\/06\/IMG_4462.jpg\" alt=\"F\u00fcr Felipe scheint der erste Arbeitstag im neuen Job mit ungew\u00f6hnlichen Anstrengungen verbunden zu sein.\" width=\"1024\" height=\"768\" srcset=\"https:\/\/www.kohlhof.de\/kohlhof\/wp-content\/uploads\/2014\/06\/IMG_4462.jpg 1024w, https:\/\/www.kohlhof.de\/kohlhof\/wp-content\/uploads\/2014\/06\/IMG_4462-300x225.jpg 300w\" sizes=\"auto, (max-width: 709px) 85vw, (max-width: 909px) 67vw, (max-width: 1362px) 62vw, 840px\" \/><\/a><figcaption id=\"caption-attachment-5099\" class=\"wp-caption-text\">F\u00fcr Felipe scheint der erste Arbeitstag im neuen Job mit ungew\u00f6hnlichen Anstrengungen verbunden zu sein.<\/figcaption><\/figure>\n<figure id=\"attachment_5100\" aria-describedby=\"caption-attachment-5100\" style=\"width: 1024px\" class=\"wp-caption alignleft\"><a href=\"https:\/\/www.kohlhof.de\/kohlhof\/2014\/06\/19\/bergwacht-beim-thronwechsel\/img_4465\/\" rel=\"attachment wp-att-5100\"><img loading=\"lazy\" decoding=\"async\" data-attachment-id=\"5100\" data-permalink=\"https:\/\/www.kohlhof.de\/kohlhof\/2014\/06\/19\/bergwacht-beim-thronwechsel\/img_4465\/\" data-orig-file=\"https:\/\/www.kohlhof.de\/kohlhof\/wp-content\/uploads\/2014\/06\/IMG_4465.jpg\" data-orig-size=\"1024,768\" data-comments-opened=\"1\" data-image-meta=\"{&quot;aperture&quot;:&quot;2.4&quot;,&quot;credit&quot;:&quot;&quot;,&quot;camera&quot;:&quot;iPhone 4S&quot;,&quot;caption&quot;:&quot;&quot;,&quot;created_timestamp&quot;:&quot;1403174177&quot;,&quot;copyright&quot;:&quot;&quot;,&quot;focal_length&quot;:&quot;4.28&quot;,&quot;iso&quot;:&quot;50&quot;,&quot;shutter_speed&quot;:&quot;0.0333333333333&quot;,&quot;title&quot;:&quot;&quot;}\" data-image-title=\"IMG_4465\" data-image-description=\"\" data-image-caption=\"\" data-large-file=\"https:\/\/www.kohlhof.de\/kohlhof\/wp-content\/uploads\/2014\/06\/IMG_4465.jpg\" class=\"wp-image-5100 size-full\" src=\"https:\/\/www.kohlhof.de\/kohlhof\/wp-content\/uploads\/2014\/06\/IMG_4465.jpg\" alt=\"IMG_4465\" width=\"1024\" height=\"768\" srcset=\"https:\/\/www.kohlhof.de\/kohlhof\/wp-content\/uploads\/2014\/06\/IMG_4465.jpg 1024w, https:\/\/www.kohlhof.de\/kohlhof\/wp-content\/uploads\/2014\/06\/IMG_4465-300x225.jpg 300w\" sizes=\"auto, (max-width: 709px) 85vw, (max-width: 909px) 67vw, (max-width: 1362px) 62vw, 840px\" \/><\/a><figcaption id=\"caption-attachment-5100\" class=\"wp-caption-text\">Die Einsatzkr\u00e4fte sind jedenfalls auf alles vorbereitet. Wir sehen hier die vier Sitzpl\u00e4tze in der medizinischen Notfallstation.<\/figcaption><\/figure>\n<figure id=\"attachment_5101\" aria-describedby=\"caption-attachment-5101\" style=\"width: 1024px\" class=\"wp-caption alignleft\"><a href=\"https:\/\/www.kohlhof.de\/kohlhof\/2014\/06\/19\/bergwacht-beim-thronwechsel\/img_4467\/\" rel=\"attachment wp-att-5101\"><img loading=\"lazy\" decoding=\"async\" data-attachment-id=\"5101\" data-permalink=\"https:\/\/www.kohlhof.de\/kohlhof\/2014\/06\/19\/bergwacht-beim-thronwechsel\/img_4467\/\" data-orig-file=\"https:\/\/www.kohlhof.de\/kohlhof\/wp-content\/uploads\/2014\/06\/IMG_4467.jpg\" data-orig-size=\"1024,768\" data-comments-opened=\"1\" data-image-meta=\"{&quot;aperture&quot;:&quot;2.4&quot;,&quot;credit&quot;:&quot;&quot;,&quot;camera&quot;:&quot;iPhone 4S&quot;,&quot;caption&quot;:&quot;&quot;,&quot;created_timestamp&quot;:&quot;1403174233&quot;,&quot;copyright&quot;:&quot;&quot;,&quot;focal_length&quot;:&quot;4.28&quot;,&quot;iso&quot;:&quot;50&quot;,&quot;shutter_speed&quot;:&quot;0.0333333333333&quot;,&quot;title&quot;:&quot;&quot;}\" data-image-title=\"IMG_4467\" data-image-description=\"\" data-image-caption=\"\" data-large-file=\"https:\/\/www.kohlhof.de\/kohlhof\/wp-content\/uploads\/2014\/06\/IMG_4467.jpg\" class=\"wp-image-5101 size-full\" src=\"https:\/\/www.kohlhof.de\/kohlhof\/wp-content\/uploads\/2014\/06\/IMG_4467.jpg\" alt=\"IMG_4467\" width=\"1024\" height=\"768\" srcset=\"https:\/\/www.kohlhof.de\/kohlhof\/wp-content\/uploads\/2014\/06\/IMG_4467.jpg 1024w, https:\/\/www.kohlhof.de\/kohlhof\/wp-content\/uploads\/2014\/06\/IMG_4467-300x225.jpg 300w\" sizes=\"auto, (max-width: 709px) 85vw, (max-width: 909px) 67vw, (max-width: 1362px) 62vw, 840px\" \/><\/a><figcaption id=\"caption-attachment-5101\" class=\"wp-caption-text\">Aber man macht sich als Normalsterblicher ja sowieso keine Vorstellungen davon, wie lange so ein Sprung auf der Karriereleiter dauern kann. Bis zu vier Stunden k\u00f6nnten f\u00fcr den Aufstiegn\u00f6tig sein.<\/figcaption><\/figure>\n<p>Aber jetzt mal abgesehen davon: Wie weit ist eigentlich die Rettung dieses H\u00f6hlenforschers? Und wann h\u00e4lt der seine Antrittsrede im Parlament?<\/p>\n","protected":false},"excerpt":{"rendered":"<p>Laufb\u00e4nder mit aktuellen Meldungen k\u00f6nnen im Fernsehen eine sinnvolle Erg\u00e4nzung sein. Allerdings muss das nicht zwangsl\u00e4ufig bedeuten, dass diese sich auch selbst sinnvoll erg\u00e4nzen. Aber jetzt gerade funktioniert es im Gro\u00dfe-Bagger-m\u00fcssen-Umziehen-Sender &#8220;n-tv&#8221; mehr oder weniger gut. F\u00fcr Spaniens neuen K\u00f6nig jedenfalls beginnen die ersten Minuten als Regent augenscheinlich sehr dramatisch&#8230;. wenn wir den Livetickern glauben &hellip; <a href=\"https:\/\/www.kohlhof.de\/kohlhof\/2014\/06\/19\/bergwacht-beim-thronwechsel\/\" class=\"more-link\"><span class=\"screen-reader-text\">\u201eBergwacht beim Thronwechsel\u201c <\/span>weiterlesen<\/a><\/p>\n","protected":false},"author":55,"featured_media":0,"comment_status":"open","ping_status":"open","sticky":false,"template":"","format":"standard","meta":{"h5ap_radio_sources":[],"jetpack_post_was_ever_published":false,"_jetpack_newsletter_access":"","_jetpack_dont_email_post_to_subs":false,"_jetpack_newsletter_tier_id":0,"_jetpack_memberships_contains_paywalled_content":false,"_jetpack_memberships_contains_paid_content":false,"activitypub_content_warning":"","activitypub_content_visibility":"","activitypub_max_image_attachments":4,"activitypub_interaction_policy_quote":"anyone","activitypub_status":"","footnotes":"","jetpack_publicize_message":"","jetpack_publicize_feature_enabled":true,"jetpack_social_post_already_shared":true,"jetpack_social_options":{"image_generator_settings":{"template":"highway","default_image_id":0,"font":"","enabled":false},"version":2}},"categories":[2],"tags":[16,998,641,558,728,997],"class_list":["post-5098","post","type-post","status-publish","format-standard","hentry","category-politik-und-verwaltung","tag-fernsehen","tag-hoehle","tag-journalismus","tag-nachrichten","tag-spanien","tag-ungluecke"],"jetpack_publicize_connections":[],"jetpack_featured_media_url":"","jetpack_sharing_enabled":true,"jetpack_shortlink":"https:\/\/wp.me\/paimI-1ke","jetpack-related-posts":[],"_links":{"self":[{"href":"https:\/\/www.kohlhof.de\/kohlhof\/wp-json\/wp\/v2\/posts\/5098","targetHints":{"allow":["GET"]}}],"collection":[{"href":"https:\/\/www.kohlhof.de\/kohlhof\/wp-json\/wp\/v2\/posts"}],"about":[{"href":"https:\/\/www.kohlhof.de\/kohlhof\/wp-json\/wp\/v2\/types\/post"}],"author":[{"embeddable":true,"href":"https:\/\/www.kohlhof.de\/kohlhof\/wp-json\/wp\/v2\/users\/55"}],"replies":[{"embeddable":true,"href":"https:\/\/www.kohlhof.de\/kohlhof\/wp-json\/wp\/v2\/comments?post=5098"}],"version-history":[{"count":7,"href":"https:\/\/www.kohlhof.de\/kohlhof\/wp-json\/wp\/v2\/posts\/5098\/revisions"}],"predecessor-version":[{"id":5108,"href":"https:\/\/www.kohlhof.de\/kohlhof\/wp-json\/wp\/v2\/posts\/5098\/revisions\/5108"}],"wp:attachment":[{"href":"https:\/\/www.kohlhof.de\/kohlhof\/wp-json\/wp\/v2\/media?parent=5098"}],"wp:term":[{"taxonomy":"category","embeddable":true,"href":"https:\/\/www.kohlhof.de\/kohlhof\/wp-json\/wp\/v2\/categories?post=5098"},{"taxonomy":"post_tag","embeddable":true,"href":"https:\/\/www.kohlhof.de\/kohlhof\/wp-json\/wp\/v2\/tags?post=5098"}],"curies":[{"name":"wp","href":"https:\/\/api.w.org\/{rel}","templated":true}]}}