{"id":5161,"date":"2014-11-26T15:42:27","date_gmt":"2014-11-26T14:42:27","guid":{"rendered":"http:\/\/www.kohlhof.de\/kohlhof\/?p=5161"},"modified":"2023-06-07T19:51:06","modified_gmt":"2023-06-07T17:51:06","slug":"angeschlossen","status":"publish","type":"post","link":"https:\/\/www.kohlhof.de\/kohlhof\/2014\/11\/26\/angeschlossen\/","title":{"rendered":"Angeschlossen"},"content":{"rendered":"<div class='__iawmlf-post-loop-links' style='display:none;' data-iawmlf-post-links='[]'><\/div>\n<p>Es gibt Dinge, die passieren einem nur in Schwerin. Und das ist auch gut so. Mir passieren diese Dinge dann allerdings \u00f6fter. Das wiederum ist schlecht. Schon beim ersten Mal in dieser Angelegenheit, war meine Laune arg getr\u00fcbt. Es war ein sehr fr\u00fcher Morgen &#8211; und zu dieser fr\u00fchesten Stunde wollte ich gerade zum Funkhaus aufbrechen. Irgendein Mftlbrnft hatte allerdings mit seinem Fahrradschloss nicht nur seine Gurke gesichert, sondern auch gleich noch mein Bike mit gefesselt.<\/p>\n<p>Als ich diesen Umstand und mein damit verbundenes sp\u00e4teres Erscheinen telefonisch im Funkhaus angek\u00fcndigt hatte, h\u00f6rte ich im Auflegen noch, wie die halbe Technik-Abteilung in br\u00fcllendes Gel\u00e4chter ausbrach. Nun gut, dachte ich damals, dann ist mir das eben mal passiert &#8211; und jetzt geschieht so etwas nie wieder.<\/p>\n<p>Ich hatte den Fall schon fast vergessen und meinen 40 Minuten w\u00e4hrenden Morgenspaziergang durchs schlafende Schwerin verdr\u00e4ngt, da stand ich also heute am Fahrradst\u00e4nder am Bahnhof&#8230; Tats\u00e4chlich ist es wieder passiert. Irgendein Depp hat sein Fahrradschloss auch um mein Zweirad geschwungen. Nun steht es da. Und ich war wieder mal zu Fu\u00df unterwegs.<\/p>\n<p>Ich frage mich, woran das liegt. Ein rascher Blick in Vorlesungsverzeichnis der Volkshochschule verr\u00e4t: Es gibt keinen Kurs &#8220;Fahrr\u00e4der r\u00fccksichtsvoll sichern&#8221;. Vielleicht w\u00e4re ein Lehrgang wie dieser in einer Stadt wie dieser aber doch mal dringend n\u00f6tig.<\/p>\n","protected":false},"excerpt":{"rendered":"<p>Es gibt Dinge, die passieren einem nur in Schwerin. Und das ist auch gut so. Mir passieren diese Dinge dann allerdings \u00f6fter. Das wiederum ist schlecht. Schon beim ersten Mal in dieser Angelegenheit, war meine Laune arg getr\u00fcbt. Es war ein sehr fr\u00fcher Morgen &#8211; und zu dieser fr\u00fchesten Stunde wollte ich gerade zum Funkhaus &hellip; <a href=\"https:\/\/www.kohlhof.de\/kohlhof\/2014\/11\/26\/angeschlossen\/\" class=\"more-link\"><span class=\"screen-reader-text\">\u201eAngeschlossen\u201c <\/span>weiterlesen<\/a><\/p>\n","protected":false},"author":55,"featured_media":0,"comment_status":"open","ping_status":"open","sticky":false,"template":"","format":"standard","meta":{"h5ap_radio_sources":[],"jetpack_post_was_ever_published":false,"_jetpack_newsletter_access":"","_jetpack_dont_email_post_to_subs":false,"_jetpack_newsletter_tier_id":0,"_jetpack_memberships_contains_paywalled_content":false,"_jetpack_memberships_contains_paid_content":false,"activitypub_content_warning":"","activitypub_content_visibility":"","activitypub_max_image_attachments":4,"activitypub_interaction_policy_quote":"anyone","activitypub_status":"","footnotes":"","jetpack_publicize_message":"","jetpack_publicize_feature_enabled":true,"jetpack_social_post_already_shared":true,"jetpack_social_options":{"image_generator_settings":{"template":"highway","default_image_id":0,"font":"","enabled":false},"version":2}},"categories":[1,631],"tags":[97,672,214],"class_list":["post-5161","post","type-post","status-publish","format-standard","hentry","category-allgemein","category-rostock-vs-schwerin","tag-fahrrad","tag-schloss","tag-sicherheit"],"jetpack_publicize_connections":[],"jetpack_featured_media_url":"","jetpack_sharing_enabled":true,"jetpack_shortlink":"https:\/\/wp.me\/paimI-1lf","jetpack-related-posts":[],"_links":{"self":[{"href":"https:\/\/www.kohlhof.de\/kohlhof\/wp-json\/wp\/v2\/posts\/5161","targetHints":{"allow":["GET"]}}],"collection":[{"href":"https:\/\/www.kohlhof.de\/kohlhof\/wp-json\/wp\/v2\/posts"}],"about":[{"href":"https:\/\/www.kohlhof.de\/kohlhof\/wp-json\/wp\/v2\/types\/post"}],"author":[{"embeddable":true,"href":"https:\/\/www.kohlhof.de\/kohlhof\/wp-json\/wp\/v2\/users\/55"}],"replies":[{"embeddable":true,"href":"https:\/\/www.kohlhof.de\/kohlhof\/wp-json\/wp\/v2\/comments?post=5161"}],"version-history":[{"count":1,"href":"https:\/\/www.kohlhof.de\/kohlhof\/wp-json\/wp\/v2\/posts\/5161\/revisions"}],"predecessor-version":[{"id":5162,"href":"https:\/\/www.kohlhof.de\/kohlhof\/wp-json\/wp\/v2\/posts\/5161\/revisions\/5162"}],"wp:attachment":[{"href":"https:\/\/www.kohlhof.de\/kohlhof\/wp-json\/wp\/v2\/media?parent=5161"}],"wp:term":[{"taxonomy":"category","embeddable":true,"href":"https:\/\/www.kohlhof.de\/kohlhof\/wp-json\/wp\/v2\/categories?post=5161"},{"taxonomy":"post_tag","embeddable":true,"href":"https:\/\/www.kohlhof.de\/kohlhof\/wp-json\/wp\/v2\/tags?post=5161"}],"curies":[{"name":"wp","href":"https:\/\/api.w.org\/{rel}","templated":true}]}}