{"id":5256,"date":"2015-10-04T14:31:36","date_gmt":"2015-10-04T12:31:36","guid":{"rendered":"http:\/\/www.kohlhof.de\/kohlhof\/?p=5256"},"modified":"2023-06-07T19:51:06","modified_gmt":"2023-06-07T17:51:06","slug":"irgendwie-feurig","status":"publish","type":"post","link":"https:\/\/www.kohlhof.de\/kohlhof\/2015\/10\/04\/irgendwie-feurig\/","title":{"rendered":"Irgendwie feurig"},"content":{"rendered":"<div class='__iawmlf-post-loop-links' style='display:none;' data-iawmlf-post-links='[]'><\/div>\n<p><figure id=\"attachment_5257\" aria-describedby=\"caption-attachment-5257\" style=\"width: 1280px\" class=\"wp-caption alignleft\"><a href=\"https:\/\/www.kohlhof.de\/kohlhof\/wp-content\/uploads\/2015\/10\/IMG_6809.jpg\"><img loading=\"lazy\" decoding=\"async\" data-attachment-id=\"5257\" data-permalink=\"https:\/\/www.kohlhof.de\/kohlhof\/2015\/10\/04\/irgendwie-feurig\/img_6809\/\" data-orig-file=\"https:\/\/www.kohlhof.de\/kohlhof\/wp-content\/uploads\/2015\/10\/IMG_6809.jpg\" data-orig-size=\"1280,960\" data-comments-opened=\"1\" data-image-meta=\"{&quot;aperture&quot;:&quot;2.4&quot;,&quot;credit&quot;:&quot;&quot;,&quot;camera&quot;:&quot;iPhone 4S&quot;,&quot;caption&quot;:&quot;&quot;,&quot;created_timestamp&quot;:&quot;1443880959&quot;,&quot;copyright&quot;:&quot;&quot;,&quot;focal_length&quot;:&quot;4.28&quot;,&quot;iso&quot;:&quot;125&quot;,&quot;shutter_speed&quot;:&quot;0.05&quot;,&quot;title&quot;:&quot;&quot;,&quot;orientation&quot;:&quot;1&quot;}\" data-image-title=\"Bl\u00fctenreine Farbexplosion\" data-image-description=\"&lt;p&gt;Blumenbl\u00fcte aus gelben und orange-roten Bl\u00e4ttern.&lt;\/p&gt;\n\" data-image-caption=\"&lt;p&gt;Blick ins Innere: Bl\u00fctenbl\u00e4tter im Oktobersonnenlicht.&lt;\/p&gt;\n\" data-large-file=\"https:\/\/www.kohlhof.de\/kohlhof\/wp-content\/uploads\/2015\/10\/IMG_6809-1024x768.jpg\" class=\"size-full wp-image-5257\" src=\"https:\/\/www.kohlhof.de\/kohlhof\/wp-content\/uploads\/2015\/10\/IMG_6809.jpg\" alt=\"Blumenbl\u00fcte aus gelben und orange-roten Bl\u00e4ttern.\" width=\"1280\" height=\"960\" srcset=\"https:\/\/www.kohlhof.de\/kohlhof\/wp-content\/uploads\/2015\/10\/IMG_6809.jpg 1280w, https:\/\/www.kohlhof.de\/kohlhof\/wp-content\/uploads\/2015\/10\/IMG_6809-300x225.jpg 300w, https:\/\/www.kohlhof.de\/kohlhof\/wp-content\/uploads\/2015\/10\/IMG_6809-1024x768.jpg 1024w\" sizes=\"auto, (max-width: 709px) 85vw, (max-width: 909px) 67vw, (max-width: 1362px) 62vw, 840px\" \/><\/a><figcaption id=\"caption-attachment-5257\" class=\"wp-caption-text\">Blick ins Innere: Bl\u00fctenbl\u00e4tter im Oktobersonnenlicht.<\/figcaption><\/figure><br \/>\nAnfang Oktober, wenn das Sonnenlicht besonders warm wirkt, dann wirft Mutter Natur noch mal mit allen Farben um sich. Zum Beispiel in Blumenstr\u00e4u\u00dfen, wenn sich die Bl\u00fcten fast von allein ins richtige Licht r\u00fccken und fast schon feurig wirken. Kawumm, Farbexplosion.<\/p>\n","protected":false},"excerpt":{"rendered":"<p>Blumenbl\u00fcte mal aus der N\u00e4he betrachtet.<\/p>\n","protected":false},"author":55,"featured_media":0,"comment_status":"open","ping_status":"open","sticky":false,"template":"","format":"standard","meta":{"h5ap_radio_sources":[],"jetpack_post_was_ever_published":false,"_jetpack_newsletter_access":"","_jetpack_dont_email_post_to_subs":false,"_jetpack_newsletter_tier_id":0,"_jetpack_memberships_contains_paywalled_content":false,"_jetpack_memberships_contains_paid_content":false,"activitypub_content_warning":"","activitypub_content_visibility":"","activitypub_max_image_attachments":4,"activitypub_interaction_policy_quote":"anyone","activitypub_status":"","footnotes":"","jetpack_publicize_message":"","jetpack_publicize_feature_enabled":true,"jetpack_social_post_already_shared":true,"jetpack_social_options":{"image_generator_settings":{"template":"highway","default_image_id":0,"font":"","enabled":false},"version":2}},"categories":[1],"tags":[876,703,522,630,124],"class_list":["post-5256","post","type-post","status-publish","format-standard","hentry","category-allgemein","tag-blume","tag-blute","tag-farben","tag-foto","tag-herbst"],"jetpack_publicize_connections":[],"jetpack_featured_media_url":"","jetpack_sharing_enabled":true,"jetpack_shortlink":"https:\/\/wp.me\/paimI-1mM","jetpack-related-posts":[],"_links":{"self":[{"href":"https:\/\/www.kohlhof.de\/kohlhof\/wp-json\/wp\/v2\/posts\/5256","targetHints":{"allow":["GET"]}}],"collection":[{"href":"https:\/\/www.kohlhof.de\/kohlhof\/wp-json\/wp\/v2\/posts"}],"about":[{"href":"https:\/\/www.kohlhof.de\/kohlhof\/wp-json\/wp\/v2\/types\/post"}],"author":[{"embeddable":true,"href":"https:\/\/www.kohlhof.de\/kohlhof\/wp-json\/wp\/v2\/users\/55"}],"replies":[{"embeddable":true,"href":"https:\/\/www.kohlhof.de\/kohlhof\/wp-json\/wp\/v2\/comments?post=5256"}],"version-history":[{"count":1,"href":"https:\/\/www.kohlhof.de\/kohlhof\/wp-json\/wp\/v2\/posts\/5256\/revisions"}],"predecessor-version":[{"id":5258,"href":"https:\/\/www.kohlhof.de\/kohlhof\/wp-json\/wp\/v2\/posts\/5256\/revisions\/5258"}],"wp:attachment":[{"href":"https:\/\/www.kohlhof.de\/kohlhof\/wp-json\/wp\/v2\/media?parent=5256"}],"wp:term":[{"taxonomy":"category","embeddable":true,"href":"https:\/\/www.kohlhof.de\/kohlhof\/wp-json\/wp\/v2\/categories?post=5256"},{"taxonomy":"post_tag","embeddable":true,"href":"https:\/\/www.kohlhof.de\/kohlhof\/wp-json\/wp\/v2\/tags?post=5256"}],"curies":[{"name":"wp","href":"https:\/\/api.w.org\/{rel}","templated":true}]}}