{"id":5461,"date":"2016-05-14T20:03:38","date_gmt":"2016-05-14T18:03:38","guid":{"rendered":"http:\/\/www.kohlhof.de\/kohlhof\/?p=5461"},"modified":"2023-06-07T19:50:45","modified_gmt":"2023-06-07T17:50:45","slug":"trost-eis","status":"publish","type":"post","link":"https:\/\/www.kohlhof.de\/kohlhof\/2016\/05\/14\/trost-eis\/","title":{"rendered":"Trost-Eis"},"content":{"rendered":"<div class='__iawmlf-post-loop-links' style='display:none;' data-iawmlf-post-links='[]'><\/div>\n<figure id=\"attachment_5462\" aria-describedby=\"caption-attachment-5462\" style=\"width: 2485px\" class=\"wp-caption alignleft\"><a href=\"https:\/\/www.kohlhof.de\/kohlhof\/2016\/05\/14\/trost-eis\/img_7907\/\" rel=\"attachment wp-att-5462\"><img loading=\"lazy\" decoding=\"async\" data-attachment-id=\"5462\" data-permalink=\"https:\/\/www.kohlhof.de\/kohlhof\/2016\/05\/14\/trost-eis\/img_7907\/\" data-orig-file=\"https:\/\/www.kohlhof.de\/kohlhof\/wp-content\/uploads\/2016\/05\/IMG_7907.jpg\" data-orig-size=\"2485,1864\" data-comments-opened=\"1\" data-image-meta=\"{&quot;aperture&quot;:&quot;0&quot;,&quot;credit&quot;:&quot;&quot;,&quot;camera&quot;:&quot;&quot;,&quot;caption&quot;:&quot;&quot;,&quot;created_timestamp&quot;:&quot;1463236606&quot;,&quot;copyright&quot;:&quot;&quot;,&quot;focal_length&quot;:&quot;0&quot;,&quot;iso&quot;:&quot;0&quot;,&quot;shutter_speed&quot;:&quot;0&quot;,&quot;title&quot;:&quot;&quot;,&quot;orientation&quot;:&quot;1&quot;}\" data-image-title=\"Waldbeeren in den Kanten\" data-image-description=\"&lt;p&gt;helles Softeis mit Waldbeeren-Topping&lt;\/p&gt;\n\" data-image-caption=\"&lt;p&gt;Waldbeerenaromen in den Softeiskanten&lt;\/p&gt;\n\" data-large-file=\"https:\/\/www.kohlhof.de\/kohlhof\/wp-content\/uploads\/2016\/05\/IMG_7907-1024x768.jpg\" class=\"size-full wp-image-5462\" src=\"https:\/\/www.kohlhof.de\/kohlhof\/wp-content\/uploads\/2016\/05\/IMG_7907.jpg\" alt=\"helles Softeis mit Waldbeeren-Topping\" width=\"2485\" height=\"1864\" srcset=\"https:\/\/www.kohlhof.de\/kohlhof\/wp-content\/uploads\/2016\/05\/IMG_7907.jpg 2485w, https:\/\/www.kohlhof.de\/kohlhof\/wp-content\/uploads\/2016\/05\/IMG_7907-300x225.jpg 300w, https:\/\/www.kohlhof.de\/kohlhof\/wp-content\/uploads\/2016\/05\/IMG_7907-768x576.jpg 768w, https:\/\/www.kohlhof.de\/kohlhof\/wp-content\/uploads\/2016\/05\/IMG_7907-1024x768.jpg 1024w, https:\/\/www.kohlhof.de\/kohlhof\/wp-content\/uploads\/2016\/05\/IMG_7907-1200x900.jpg 1200w\" sizes=\"auto, (max-width: 709px) 85vw, (max-width: 909px) 67vw, (max-width: 1362px) 62vw, 840px\" \/><\/a><figcaption id=\"caption-attachment-5462\" class=\"wp-caption-text\">Waldbeerenaromen in den Softeiskanten<\/figcaption><\/figure>\n<p>Wir unterbrechen den Fr\u00fchling f\u00fcr eine wichtige Wetter\u00e4nderung &#8211; als letzte Erinnerung an die ebenso sonnige wie trockene Maienzeit (und in der Hoffnung auf eine zweite ebensolche Halbzeit) gabs heute noch mal ein Trost-Eis (zum Trost-Preis von 2 Euro&#8230; nun ja. Geht schlimmer)<\/p>\n","protected":false},"excerpt":{"rendered":"<p>Wir unterbrechen den Fr\u00fchling f\u00fcr eine wichtige Wetter\u00e4nderung &#8211; als letzte Erinnerung an die ebenso sonnige wie trockene Maienzeit (und in der Hoffnung auf eine zweite ebensolche Halbzeit) gabs heute noch mal ein Trost-Eis (zum Trost-Preis von 2 Euro&#8230; nun ja. Geht schlimmer)<\/p>\n","protected":false},"author":55,"featured_media":0,"comment_status":"open","ping_status":"open","sticky":false,"template":"","format":"standard","meta":{"h5ap_radio_sources":[],"jetpack_post_was_ever_published":false,"_jetpack_newsletter_access":"","_jetpack_dont_email_post_to_subs":false,"_jetpack_newsletter_tier_id":0,"_jetpack_memberships_contains_paywalled_content":false,"_jetpack_memberships_contains_paid_content":false,"activitypub_content_warning":"","activitypub_content_visibility":"","activitypub_max_image_attachments":4,"activitypub_interaction_policy_quote":"anyone","activitypub_status":"","footnotes":"","jetpack_publicize_message":"","jetpack_publicize_feature_enabled":true,"jetpack_social_post_already_shared":true,"jetpack_social_options":{"image_generator_settings":{"template":"highway","default_image_id":0,"font":"","enabled":false},"version":2}},"categories":[2],"tags":[163,630,1083,646],"class_list":["post-5461","post","type-post","status-publish","format-standard","hentry","category-politik-und-verwaltung","tag-eis","tag-foto","tag-softeis","tag-wetter"],"jetpack_publicize_connections":[],"jetpack_featured_media_url":"","jetpack_sharing_enabled":true,"jetpack_shortlink":"https:\/\/wp.me\/paimI-1q5","jetpack-related-posts":[],"_links":{"self":[{"href":"https:\/\/www.kohlhof.de\/kohlhof\/wp-json\/wp\/v2\/posts\/5461","targetHints":{"allow":["GET"]}}],"collection":[{"href":"https:\/\/www.kohlhof.de\/kohlhof\/wp-json\/wp\/v2\/posts"}],"about":[{"href":"https:\/\/www.kohlhof.de\/kohlhof\/wp-json\/wp\/v2\/types\/post"}],"author":[{"embeddable":true,"href":"https:\/\/www.kohlhof.de\/kohlhof\/wp-json\/wp\/v2\/users\/55"}],"replies":[{"embeddable":true,"href":"https:\/\/www.kohlhof.de\/kohlhof\/wp-json\/wp\/v2\/comments?post=5461"}],"version-history":[{"count":2,"href":"https:\/\/www.kohlhof.de\/kohlhof\/wp-json\/wp\/v2\/posts\/5461\/revisions"}],"predecessor-version":[{"id":5464,"href":"https:\/\/www.kohlhof.de\/kohlhof\/wp-json\/wp\/v2\/posts\/5461\/revisions\/5464"}],"wp:attachment":[{"href":"https:\/\/www.kohlhof.de\/kohlhof\/wp-json\/wp\/v2\/media?parent=5461"}],"wp:term":[{"taxonomy":"category","embeddable":true,"href":"https:\/\/www.kohlhof.de\/kohlhof\/wp-json\/wp\/v2\/categories?post=5461"},{"taxonomy":"post_tag","embeddable":true,"href":"https:\/\/www.kohlhof.de\/kohlhof\/wp-json\/wp\/v2\/tags?post=5461"}],"curies":[{"name":"wp","href":"https:\/\/api.w.org\/{rel}","templated":true}]}}