{"id":548,"date":"2007-04-16T11:57:58","date_gmt":"2007-04-16T09:57:58","guid":{"rendered":"http:\/\/www.kohlhof.de\/kohlhof\/2007\/04\/16\/raps-gut-radfahrer-doof\/"},"modified":"2008-06-19T13:53:40","modified_gmt":"2008-06-19T11:53:40","slug":"raps-gut-radfahrer-doof","status":"publish","type":"post","link":"https:\/\/www.kohlhof.de\/kohlhof\/2007\/04\/16\/raps-gut-radfahrer-doof\/","title":{"rendered":"Raps gut, Radfahrer doof"},"content":{"rendered":"<div class='__iawmlf-post-loop-links' style='display:none;' data-iawmlf-post-links='[{&quot;id&quot;:959,&quot;href&quot;:&quot;http:\\\/\\\/jetzt.sueddeutsche.de\\\/texte\\\/anzeigen\\\/376365\\\/TrkHomeMagTsr2&quot;,&quot;archived_href&quot;:&quot;http:\\\/\\\/web-wp.archive.org\\\/web\\\/20070422164332\\\/http:\\\/\\\/jetzt.sueddeutsche.de:80\\\/texte\\\/anzeigen\\\/376365\\\/TrkHomeMagTsr2&quot;,&quot;redirect_href&quot;:&quot;&quot;,&quot;checks&quot;:[{&quot;date&quot;:&quot;2026-02-11 18:33:08&quot;,&quot;http_code&quot;:206},{&quot;date&quot;:&quot;2026-03-14 15:27:36&quot;,&quot;http_code&quot;:200},{&quot;date&quot;:&quot;2026-03-19 16:36:12&quot;,&quot;http_code&quot;:200},{&quot;date&quot;:&quot;2026-03-27 06:53:40&quot;,&quot;http_code&quot;:200},{&quot;date&quot;:&quot;2026-03-31 19:29:46&quot;,&quot;http_code&quot;:503},{&quot;date&quot;:&quot;2026-04-03 20:11:20&quot;,&quot;http_code&quot;:200},{&quot;date&quot;:&quot;2026-04-08 00:19:31&quot;,&quot;http_code&quot;:200},{&quot;date&quot;:&quot;2026-04-11 07:24:38&quot;,&quot;http_code&quot;:200},{&quot;date&quot;:&quot;2026-04-20 06:07:18&quot;,&quot;http_code&quot;:503},{&quot;date&quot;:&quot;2026-04-23 17:22:15&quot;,&quot;http_code&quot;:503},{&quot;date&quot;:&quot;2026-04-26 20:25:51&quot;,&quot;http_code&quot;:503}],&quot;broken&quot;:true,&quot;last_checked&quot;:{&quot;date&quot;:&quot;2026-04-26 20:25:51&quot;,&quot;http_code&quot;:503},&quot;process&quot;:&quot;done&quot;},{&quot;id&quot;:960,&quot;href&quot;:&quot;http:\\\/\\\/www.spiegel.de\\\/politik\\\/deutschland\\\/0,1518,477350,00.html&quot;,&quot;archived_href&quot;:&quot;http:\\\/\\\/web-wp.archive.org\\\/web\\\/20070810082007\\\/http:\\\/\\\/www.spiegel.de:80\\\/politik\\\/deutschland\\\/0,1518,477350,00.html&quot;,&quot;redirect_href&quot;:&quot;&quot;,&quot;checks&quot;:[{&quot;date&quot;:&quot;2026-02-11 18:33:11&quot;,&quot;http_code&quot;:206},{&quot;date&quot;:&quot;2026-03-14 15:27:38&quot;,&quot;http_code&quot;:206},{&quot;date&quot;:&quot;2026-03-27 14:26:03&quot;,&quot;http_code&quot;:206},{&quot;date&quot;:&quot;2026-03-31 19:29:51&quot;,&quot;http_code&quot;:503},{&quot;date&quot;:&quot;2026-04-03 20:11:15&quot;,&quot;http_code&quot;:206},{&quot;date&quot;:&quot;2026-04-08 00:19:33&quot;,&quot;http_code&quot;:206},{&quot;date&quot;:&quot;2026-04-11 07:24:45&quot;,&quot;http_code&quot;:503},{&quot;date&quot;:&quot;2026-04-20 06:07:14&quot;,&quot;http_code&quot;:206},{&quot;date&quot;:&quot;2026-04-23 17:22:14&quot;,&quot;http_code&quot;:206},{&quot;date&quot;:&quot;2026-04-26 20:25:53&quot;,&quot;http_code&quot;:206}],&quot;broken&quot;:false,&quot;last_checked&quot;:{&quot;date&quot;:&quot;2026-04-26 20:25:53&quot;,&quot;http_code&quot;:206},&quot;process&quot;:&quot;done&quot;},{&quot;id&quot;:961,&quot;href&quot;:&quot;http:\\\/\\\/www1.ndr.de\\\/ndr_pages_std\\\/0,2570,OID3901546_REF_SPC1729540,00.html&quot;,&quot;archived_href&quot;:&quot;http:\\\/\\\/web-wp.archive.org\\\/web\\\/20070415213915\\\/http:\\\/\\\/www1.ndr.de:80\\\/ndr_pages_std\\\/0,2570,OID3901546_REF_SPC1729540,00.html&quot;,&quot;redirect_href&quot;:&quot;&quot;,&quot;checks&quot;:[{&quot;date&quot;:&quot;2026-02-11 18:33:15&quot;,&quot;http_code&quot;:404},{&quot;date&quot;:&quot;2026-02-21 09:30:01&quot;,&quot;http_code&quot;:404},{&quot;date&quot;:&quot;2026-03-14 15:27:33&quot;,&quot;http_code&quot;:404},{&quot;date&quot;:&quot;2026-03-19 16:36:09&quot;,&quot;http_code&quot;:404},{&quot;date&quot;:&quot;2026-03-27 14:26:00&quot;,&quot;http_code&quot;:404},{&quot;date&quot;:&quot;2026-03-31 19:29:51&quot;,&quot;http_code&quot;:404},{&quot;date&quot;:&quot;2026-04-03 20:11:13&quot;,&quot;http_code&quot;:404},{&quot;date&quot;:&quot;2026-04-08 00:19:35&quot;,&quot;http_code&quot;:404},{&quot;date&quot;:&quot;2026-04-11 07:24:41&quot;,&quot;http_code&quot;:404},{&quot;date&quot;:&quot;2026-04-20 06:07:13&quot;,&quot;http_code&quot;:404},{&quot;date&quot;:&quot;2026-04-23 17:22:13&quot;,&quot;http_code&quot;:404},{&quot;date&quot;:&quot;2026-04-26 20:25:48&quot;,&quot;http_code&quot;:404}],&quot;broken&quot;:true,&quot;last_checked&quot;:{&quot;date&quot;:&quot;2026-04-26 20:25:48&quot;,&quot;http_code&quot;:404},&quot;process&quot;:&quot;done&quot;},{&quot;id&quot;:962,&quot;href&quot;:&quot;http:\\\/\\\/www.tagesspiegel.de\\\/politik\\\/nachrichten\\\/g-8-gipfel\\\/99469.asp&quot;,&quot;archived_href&quot;:&quot;&quot;,&quot;redirect_href&quot;:&quot;https:\\\/\\\/www.tagesspiegel.de\\\/politik\\\/nachrichten\\\/g-8-gipfel\\\/99469.asp&quot;,&quot;checks&quot;:[],&quot;broken&quot;:false,&quot;last_checked&quot;:null,&quot;process&quot;:&quot;done&quot;}]'><\/div>\n<p>Aus K\u00fcche und Bad sind zur Zeit immer wieder Fl\u00fcche zu h\u00f6ren. Die Herren, die dort seit knapp drei Stunden werkeln, stellen dabei immer wieder Zusammenh\u00e4nge zwischen Balken, Kollegen und F\u00e4kalien her. Nicht sch\u00f6n, aber wenns der Sache dient&#8230;<br \/>\nDas ist doch die Gelegenheit, noch einmal aufs Wochenende zur\u00fcckzublicken. \u00dcber meinen \u00dc-Wagen-Einsatz in Heiligendamm beim &#8220;<a href=\"http:\/\/jetzt.sueddeutsche.de\/texte\/anzeigen\/376365\/TrkHomeMagTsr2\">Zaunspaziergang<\/a>&#8221; der <a href=\"http:\/\/www.spiegel.de\/politik\/deutschland\/0,1518,477350,00.html\">Globalisierungskritiker<\/a> <a href=\"http:\/\/www1.ndr.de\/ndr_pages_std\/0,2570,OID3901546_REF_SPC1729540,00.html\">m\u00f6chte<\/a> ich <a href=\"http:\/\/www.tagesspiegel.de\/politik\/nachrichten\/g-8-gipfel\/99469.asp\">gar<\/a> nicht gro\u00df berichten. Ich hatte mit <a href=\"https:\/\/www.kohlhof.de\/kohlhof\/2006\/03\/13\/gesammelte-angebote\/\">langem und kurzem Sammel<\/a> genug zu tun.<br \/>\nDeshalb nun etwas vollkommen Anderes:<br \/>\nIn Mecklenburg-Vorpommern bl\u00fcht bereits der Raps:<br \/>\n<img decoding=\"async\" src=\"https:\/\/www.kohlhof.de\/kohlhof\/wp-content\/uploads\/2007\/04\/raps_blueht.jpg\" alt=\"Rapsbl\u00fcte bei Admannshagen\" id=\"image545\" \/><\/p>\n<p class=\"bu\">Aus dem Auto schnell abgelichtet: Der Raps bl\u00fcht, typische Farbe f\u00fcr Mecklenburg-Vorpommern im Fr\u00fchjahr.<\/p>\n<p>Ob es mit dem voranschreitenden Fr\u00fchling zu tun hat, dass die Radfahrer durchdrehen, kann an dieser Stelle nicht bewiesen werden. Diese beiden Herren haben aber alles daf\u00fcr getan, dass Autofahrer Pedalritter nachhaltig verfluchen:<br \/>\n<img decoding=\"async\" src=\"https:\/\/www.kohlhof.de\/kohlhof\/wp-content\/uploads\/2007\/04\/radfahrdeppen.jpg\" alt=\"Ignorante Rennradler\" id=\"image546\" \/><\/p>\n<p class=\"bu\">Suchbild: Wo sind die Fehler? &#8211; Richtig, es gibt einen Radweg (rechts, f\u00fcr viel Geld gebaut), die beiden Radspezies fahren aber nebeneinander auf der Stra\u00dfe &#8211; und das auch noch in der Kurve. Aber das war noch nicht alles&#8230;<\/p>\n<p>Zwischen Bad Doberan und Heiligendamm verl\u00e4uft eine Landstra\u00dfe ohne den kleinsten Hauch einer Steigung durch die erbl\u00fchende Natur. Dort l\u00e4sst es sich wunderbar cruisen (wenn nicht gerade irgendwer Sitzblockaden probt). Die beiden Herren in ihren windschnittigen Sportleibchen wollten da nicht fehlen und starteten zu einer Radtour ins Gr\u00fcne. Weil Mecklenburg ja wahlweise Urlaubsland, Kinderland, Gesundheitsland, \u00dcberhaupttollland sein will, darf an touristisch bedeutsdsamen Strecken ein Radweg nat\u00fcrlich nicht fehlen. F\u00fcr ganz viel Geld hat das Land deshalb eine extra Spur f\u00fcr Radler asphaltieren lassen.<br \/>\nNur darf man sich fragen, ob vielleicht manche S\u00e4ttel zu hart sind, dass die daraus entstehenden Strapazen speziell f\u00fcr m\u00e4nnliche Radler eventuell zu viel sind &#8211; und deshalb f\u00fcr logische Schlussfolgerungen keine Gelegenheit mehr bleibt. Es ist jedenfalls nicht klar, warum diese beiden Experten trotz vergoldeter Radwege die Stra\u00dfe benutzen. Und das auch noch nebeneinander. Halten die sich f\u00fcr Speedy Gonzalez?<br \/>\nJedenfalls f\u00fchlten sie sich im Recht. Denn (was die Kamera nicht festhalten konnte) ihr Selbstbewusstsein ist jedenfalls ausgepr\u00e4gt: Das Auto vor mir war laut hupend hinter den beiden hergefahren (sicherlich auch nicht sehr nett). Der Herr im windschl\u00fcpfrigen kleinen Schwarzen antwortete mit einem langanhaltend ausgestreckten Mittelfinger. Ja, so sind sie, die Radfahrer, immer im Recht, immer unterdr\u00fcckt, immer in Gefahr. Mann, mann.<br \/>\nUnd dann noch dies: Der Sicherheitszaun um Heiligendamm, die Polizei nennt ihn &#8220;technische Sprerre&#8221; sieht in etwa so aus:<br \/>\n<img decoding=\"async\" src=\"https:\/\/www.kohlhof.de\/kohlhof\/wp-content\/uploads\/2007\/04\/technische_sperre.jpg\" alt=\"Sicherheitszaun um Heiligendamm, die technische Sperre der Polizei\" id=\"image547\" \/><\/p>\n<p class=\"bu\">Der Sicherheitszaun rund um Heiligendamm: 12 Kilometer lang, 2,50 Meter hoch. Nach dem G8-Gipfel soll er wieder abgebaut werden. Gegen das Bauwerk richteten sich auch die Proteste am Wochenende.<\/p>\n","protected":false},"excerpt":{"rendered":"<p>Aus K\u00fcche und Bad sind zur Zeit immer wieder Fl\u00fcche zu h\u00f6ren. Die Herren, die dort seit knapp drei Stunden werkeln, stellen dabei immer wieder Zusammenh\u00e4nge zwischen Balken, Kollegen und F\u00e4kalien her. Nicht sch\u00f6n, aber wenns der Sache dient&#8230; Das ist doch die Gelegenheit, noch einmal aufs Wochenende zur\u00fcckzublicken. \u00dcber meinen \u00dc-Wagen-Einsatz in Heiligendamm beim &hellip; <a href=\"https:\/\/www.kohlhof.de\/kohlhof\/2007\/04\/16\/raps-gut-radfahrer-doof\/\" class=\"more-link\"><span class=\"screen-reader-text\">\u201eRaps gut, Radfahrer doof\u201c <\/span>weiterlesen<\/a><\/p>\n","protected":false},"author":55,"featured_media":0,"comment_status":"open","ping_status":"open","sticky":false,"template":"","format":"standard","meta":{"h5ap_radio_sources":[],"jetpack_post_was_ever_published":false,"_jetpack_newsletter_access":"","_jetpack_dont_email_post_to_subs":false,"_jetpack_newsletter_tier_id":0,"_jetpack_memberships_contains_paywalled_content":false,"_jetpack_memberships_contains_paid_content":false,"activitypub_content_warning":"","activitypub_content_visibility":"","activitypub_max_image_attachments":4,"activitypub_interaction_policy_quote":"anyone","activitypub_status":"","footnotes":"","jetpack_publicize_message":"","jetpack_publicize_feature_enabled":true,"jetpack_social_post_already_shared":false,"jetpack_social_options":{"image_generator_settings":{"template":"highway","default_image_id":0,"font":"","enabled":false},"version":2}},"categories":[7],"tags":[67,97,36,149],"class_list":["post-548","post","type-post","status-publish","format-standard","hentry","category-arbeit","tag-bad-doberan","tag-fahrrad","tag-g8-gipfel","tag-heiligendamm"],"jetpack_publicize_connections":[],"jetpack_featured_media_url":"","jetpack_sharing_enabled":true,"jetpack_shortlink":"https:\/\/wp.me\/paimI-8Q","jetpack-related-posts":[],"_links":{"self":[{"href":"https:\/\/www.kohlhof.de\/kohlhof\/wp-json\/wp\/v2\/posts\/548","targetHints":{"allow":["GET"]}}],"collection":[{"href":"https:\/\/www.kohlhof.de\/kohlhof\/wp-json\/wp\/v2\/posts"}],"about":[{"href":"https:\/\/www.kohlhof.de\/kohlhof\/wp-json\/wp\/v2\/types\/post"}],"author":[{"embeddable":true,"href":"https:\/\/www.kohlhof.de\/kohlhof\/wp-json\/wp\/v2\/users\/55"}],"replies":[{"embeddable":true,"href":"https:\/\/www.kohlhof.de\/kohlhof\/wp-json\/wp\/v2\/comments?post=548"}],"version-history":[{"count":0,"href":"https:\/\/www.kohlhof.de\/kohlhof\/wp-json\/wp\/v2\/posts\/548\/revisions"}],"wp:attachment":[{"href":"https:\/\/www.kohlhof.de\/kohlhof\/wp-json\/wp\/v2\/media?parent=548"}],"wp:term":[{"taxonomy":"category","embeddable":true,"href":"https:\/\/www.kohlhof.de\/kohlhof\/wp-json\/wp\/v2\/categories?post=548"},{"taxonomy":"post_tag","embeddable":true,"href":"https:\/\/www.kohlhof.de\/kohlhof\/wp-json\/wp\/v2\/tags?post=548"}],"curies":[{"name":"wp","href":"https:\/\/api.w.org\/{rel}","templated":true}]}}