{"id":554,"date":"2007-04-16T21:10:48","date_gmt":"2007-04-16T19:10:48","guid":{"rendered":"http:\/\/www.kohlhof.de\/kohlhof\/2007\/04\/16\/papst-torte\/"},"modified":"2007-04-16T21:10:48","modified_gmt":"2007-04-16T19:10:48","slug":"papst-torte","status":"publish","type":"post","link":"https:\/\/www.kohlhof.de\/kohlhof\/2007\/04\/16\/papst-torte\/","title":{"rendered":"Papst-Torte"},"content":{"rendered":"<div class='__iawmlf-post-loop-links' style='display:none;' data-iawmlf-post-links='[{&quot;id&quot;:955,&quot;href&quot;:&quot;http:\\\/\\\/shop.niederegger.de\\\/niederegger.de\\\/newscontroller;jsessionid=7722B3902A8AA08AEF4C39E02F7972A7?operation=zeigeEssen&quot;,&quot;archived_href&quot;:&quot;&quot;,&quot;redirect_href&quot;:&quot;https:\\\/\\\/shop.niederegger.de\\\/niederegger.de\\\/newscontroller;jsessionid=7722B3902A8AA08AEF4C39E02F7972A7?operation=zeigeEssen&quot;,&quot;checks&quot;:[],&quot;broken&quot;:false,&quot;last_checked&quot;:null,&quot;process&quot;:&quot;done&quot;}]'><\/div>\n<p>Und jetzt m\u00fcssen wir noch mal \u00fcber den Papst reden &#8211; \u00fcber den aktuellen. Der feierte heute seinen 80. Geburtstag, wie es sich f\u00fcr eine Heiligkeit geh\u00f6rt. Gratulant war &#8211; au\u00dfer tausenden Katholiken &#8211; auch Schleswig-Holsteins Ministerpr\u00e4sident Peter Harry Carstensen. Und was brachte der mit f\u00fcr den Geburtstagspapst? Ein Buch, ja, gut. Aber auch eine Marzipantorte aus L\u00fcbeck &#8211; eine Ma\u00dfanfertigung:<br \/>\n<img decoding=\"async\" src=\"http:\/\/landesregierung.schleswig-holstein.de\/coremedia\/generator\/Aktueller_20Bestand\/A__Bilder\/StK\/Maximalansicht\/Veranstaltungen__Ereignisse\/070416__pabst__torte,property=originalSize.jpg\" width=\"350\"\/><\/p>\n<p class=\"bu\">Marzipantorte aus L\u00fcbeck f\u00fcr den Papst. Foto: Staatskanzlei Kiel<\/p>\n<p>F\u00fcr die Leckerschmecker unter den Lesern: Das da oben ist nicht zu verwechseln mit dem, was Laien f\u00fcr gew\u00f6hnlich als Marzipantorte bezeichnen. Das da oben ist wirklich eine Torte aus Marzipan. Das gemeine Fu\u00dfvolk labt sich derweil f\u00fcr gew\u00f6hnlich an L\u00fcbecker Nusstorte (<a href=\"http:\/\/shop.niederegger.de\/niederegger.de\/newscontroller;jsessionid=7722B3902A8AA08AEF4C39E02F7972A7?operation=zeigeEssen\">Klick<\/a>).<br \/>\nUnten: M\u00fcrbteigboden, rote Konfit\u00fcre, M\u00fcrbteigboden. Dann: Sahne, gef\u00fcllt mit Nuss-Splittern. Das alles einge\u00fcllt von einer Marzipandecke. Auf jedem Tortenst\u00fcck ein Sahnetupf mit Walnussh\u00e4lfte. Das wars, mehr nicht.<br \/>\nMan kann sich also mein Entsetzen vorstellen, als man mir neulich in einer selbsternannten klassischen Konditorei in Warnem\u00fcnde eine so bezeichnete L\u00fcbecker Nusstorte vorsetzte, die<br \/>\na) einen Schokoladenboden hatte<br \/>\nb) die mit Sahne ohne N\u00fcssen daherkam<br \/>\nc) ohne Marmeladenschicht im Boden aufwartete<br \/>\nd) und oben &#8211; Achtung &#8211; mit einer Haseluss, einer Pistazie und einem Walnuss-Viertel, einem Viertel (!) verziert war.<br \/>\nFrechheit.<\/p>\n","protected":false},"excerpt":{"rendered":"<p>Und jetzt m\u00fcssen wir noch mal \u00fcber den Papst reden &#8211; \u00fcber den aktuellen. Der feierte heute seinen 80. Geburtstag, wie es sich f\u00fcr eine Heiligkeit geh\u00f6rt. Gratulant war &#8211; au\u00dfer tausenden Katholiken &#8211; auch Schleswig-Holsteins Ministerpr\u00e4sident Peter Harry Carstensen. Und was brachte der mit f\u00fcr den Geburtstagspapst? Ein Buch, ja, gut. Aber auch eine &hellip; <a href=\"https:\/\/www.kohlhof.de\/kohlhof\/2007\/04\/16\/papst-torte\/\" class=\"more-link\"><span class=\"screen-reader-text\">\u201ePapst-Torte\u201c <\/span>weiterlesen<\/a><\/p>\n","protected":false},"author":55,"featured_media":0,"comment_status":"open","ping_status":"open","sticky":false,"template":"","format":"standard","meta":{"h5ap_radio_sources":[],"jetpack_post_was_ever_published":false,"_jetpack_newsletter_access":"","_jetpack_dont_email_post_to_subs":false,"_jetpack_newsletter_tier_id":0,"_jetpack_memberships_contains_paywalled_content":false,"_jetpack_memberships_contains_paid_content":false,"activitypub_content_warning":"","activitypub_content_visibility":"","activitypub_max_image_attachments":4,"activitypub_interaction_policy_quote":"anyone","activitypub_status":"","footnotes":"","jetpack_publicize_message":"","jetpack_publicize_feature_enabled":true,"jetpack_social_post_already_shared":false,"jetpack_social_options":{"image_generator_settings":{"template":"highway","default_image_id":0,"font":"","enabled":false},"version":2}},"categories":[2],"tags":[121,73,171],"class_list":["post-554","post","type-post","status-publish","format-standard","hentry","category-politik-und-verwaltung","tag-geburtstag","tag-lubeck","tag-papst"],"jetpack_publicize_connections":[],"jetpack_featured_media_url":"","jetpack_sharing_enabled":true,"jetpack_shortlink":"https:\/\/wp.me\/paimI-8W","jetpack-related-posts":[],"_links":{"self":[{"href":"https:\/\/www.kohlhof.de\/kohlhof\/wp-json\/wp\/v2\/posts\/554","targetHints":{"allow":["GET"]}}],"collection":[{"href":"https:\/\/www.kohlhof.de\/kohlhof\/wp-json\/wp\/v2\/posts"}],"about":[{"href":"https:\/\/www.kohlhof.de\/kohlhof\/wp-json\/wp\/v2\/types\/post"}],"author":[{"embeddable":true,"href":"https:\/\/www.kohlhof.de\/kohlhof\/wp-json\/wp\/v2\/users\/55"}],"replies":[{"embeddable":true,"href":"https:\/\/www.kohlhof.de\/kohlhof\/wp-json\/wp\/v2\/comments?post=554"}],"version-history":[{"count":0,"href":"https:\/\/www.kohlhof.de\/kohlhof\/wp-json\/wp\/v2\/posts\/554\/revisions"}],"wp:attachment":[{"href":"https:\/\/www.kohlhof.de\/kohlhof\/wp-json\/wp\/v2\/media?parent=554"}],"wp:term":[{"taxonomy":"category","embeddable":true,"href":"https:\/\/www.kohlhof.de\/kohlhof\/wp-json\/wp\/v2\/categories?post=554"},{"taxonomy":"post_tag","embeddable":true,"href":"https:\/\/www.kohlhof.de\/kohlhof\/wp-json\/wp\/v2\/tags?post=554"}],"curies":[{"name":"wp","href":"https:\/\/api.w.org\/{rel}","templated":true}]}}