{"id":62,"date":"2006-05-03T07:30:23","date_gmt":"2006-05-03T06:30:23","guid":{"rendered":"http:\/\/www.kohlhof.de\/kohlhof\/?p=62"},"modified":"2006-08-04T17:51:00","modified_gmt":"2006-08-04T15:51:00","slug":"herz-auf-wanderschaft","status":"publish","type":"post","link":"https:\/\/www.kohlhof.de\/kohlhof\/2006\/05\/03\/herz-auf-wanderschaft\/","title":{"rendered":"Herz auf Wanderschaft"},"content":{"rendered":"<div class='__iawmlf-post-loop-links' style='display:none;' data-iawmlf-post-links='[]'><\/div>\n<p>Die Musik des Tages passt zum Fr\u00fchling! Ein Kirchenlied obendrein. Weil es so unglaublich fr\u00f6hlich und zuversichtlich klingt und so viel Tatendrang ausdr\u00fcckt, muss man an diesem 3. Mai einfach nur &#8220;Geh aus mein Herz&#8221; singen &#8211; oder wenigstens h\u00f6ren&#8230;<\/p>\n<blockquote><p>Geh aus, mein Herz und suche Freud\u00b4(EG 503)<\/p>\n<p>Geh aus, mein Herz, und suche Freud<br \/>\nin dieser lieben Sommerszeit<br \/>\nan deines Gottes Gaben;<br \/>\nschau an der sch\u00f6nen G\u00e4rten Zier<br \/>\nund siehe, wie sie dir und mir<br \/>\nsich ausgeschm\u00fccket haben,<br \/>\nsich ausgeschm\u00fccket haben.<\/p>\n<p>Die B\u00e4ume stehen voller Laub<br \/>\ndas Erdreich decket seinen Staub<br \/>\nmit einem gr\u00fcnen Kleide;<br \/>\nNarzissus und die Tulipan<br \/>\ndie ziehen sich viel sch\u00f6ner an<br \/>\nals Salomonis Seide,<br \/>\nals Salomonis Seide.<\/p>\n<p>Die Lerche schwingt sich in die Luft,<br \/>\ndas T\u00e4ublein fliegt aus seiner Kluft<br \/>\nund macht sich in die W\u00e4lder;<br \/>\ndie hochbegabte Nachtigall<br \/>\nerg\u00f6tzt und f\u00fcllt mit ihrem Schall<br \/>\nBerg, H\u00fcgel, Tal und Felder,<br \/>\nBerg, H\u00fcgel, Tal und Felder.<\/p>\n<p>Ich selber kann und mag nicht ruh\u00b4n,<br \/>\ndes gro\u00dfen Gottes gro\u00dfes Tun<br \/>\nerweckt mir alle Sinnen;<br \/>\nich singe mit, wenn alles singt,<br \/>\nund lasse, was dem H\u00f6chsten klingt<br \/>\naus meinem Herze rinnen,<br \/>\naus meinem Herze rinnen.<br \/>\n(Text: Paul Gerhardt, 1653)<\/p><\/blockquote>\n","protected":false},"excerpt":{"rendered":"<p>Die Musik des Tages passt zum Fr\u00fchling! Ein Kirchenlied obendrein. Weil es so unglaublich fr\u00f6hlich und zuversichtlich klingt und so viel Tatendrang ausdr\u00fcckt, muss man an diesem 3. Mai einfach nur &#8220;Geh aus mein Herz&#8221; singen &#8211; oder wenigstens h\u00f6ren&#8230; Geh aus, mein Herz und suche Freud\u00b4(EG 503) Geh aus, mein Herz, und suche Freud &hellip; <a href=\"https:\/\/www.kohlhof.de\/kohlhof\/2006\/05\/03\/herz-auf-wanderschaft\/\" class=\"more-link\"><span class=\"screen-reader-text\">\u201eHerz auf Wanderschaft\u201c <\/span>weiterlesen<\/a><\/p>\n","protected":false},"author":55,"featured_media":0,"comment_status":"open","ping_status":"open","sticky":false,"template":"","format":"standard","meta":{"h5ap_radio_sources":[],"jetpack_post_was_ever_published":false,"_jetpack_newsletter_access":"","_jetpack_dont_email_post_to_subs":false,"_jetpack_newsletter_tier_id":0,"_jetpack_memberships_contains_paywalled_content":false,"_jetpack_memberships_contains_paid_content":false,"activitypub_content_warning":"","activitypub_content_visibility":"","activitypub_max_image_attachments":4,"activitypub_interaction_policy_quote":"anyone","activitypub_status":"","footnotes":"","jetpack_publicize_message":"","jetpack_publicize_feature_enabled":true,"jetpack_social_post_already_shared":false,"jetpack_social_options":{"image_generator_settings":{"template":"highway","default_image_id":0,"font":"","enabled":false},"version":2}},"categories":[1,4],"tags":[61],"class_list":["post-62","post","type-post","status-publish","format-standard","hentry","category-allgemein","category-musik-des-tages","tag-musik"],"jetpack_publicize_connections":[],"jetpack_featured_media_url":"","jetpack_sharing_enabled":true,"jetpack_shortlink":"https:\/\/wp.me\/paimI-10","jetpack-related-posts":[],"_links":{"self":[{"href":"https:\/\/www.kohlhof.de\/kohlhof\/wp-json\/wp\/v2\/posts\/62","targetHints":{"allow":["GET"]}}],"collection":[{"href":"https:\/\/www.kohlhof.de\/kohlhof\/wp-json\/wp\/v2\/posts"}],"about":[{"href":"https:\/\/www.kohlhof.de\/kohlhof\/wp-json\/wp\/v2\/types\/post"}],"author":[{"embeddable":true,"href":"https:\/\/www.kohlhof.de\/kohlhof\/wp-json\/wp\/v2\/users\/55"}],"replies":[{"embeddable":true,"href":"https:\/\/www.kohlhof.de\/kohlhof\/wp-json\/wp\/v2\/comments?post=62"}],"version-history":[{"count":0,"href":"https:\/\/www.kohlhof.de\/kohlhof\/wp-json\/wp\/v2\/posts\/62\/revisions"}],"wp:attachment":[{"href":"https:\/\/www.kohlhof.de\/kohlhof\/wp-json\/wp\/v2\/media?parent=62"}],"wp:term":[{"taxonomy":"category","embeddable":true,"href":"https:\/\/www.kohlhof.de\/kohlhof\/wp-json\/wp\/v2\/categories?post=62"},{"taxonomy":"post_tag","embeddable":true,"href":"https:\/\/www.kohlhof.de\/kohlhof\/wp-json\/wp\/v2\/tags?post=62"}],"curies":[{"name":"wp","href":"https:\/\/api.w.org\/{rel}","templated":true}]}}