{"id":6236,"date":"2018-07-08T23:58:02","date_gmt":"2018-07-08T21:58:02","guid":{"rendered":"http:\/\/www.kohlhof.de\/kohlhof\/?p=6236"},"modified":"2023-06-07T19:50:30","modified_gmt":"2023-06-07T17:50:30","slug":"6236","status":"publish","type":"post","link":"https:\/\/www.kohlhof.de\/kohlhof\/2018\/07\/08\/6236\/","title":{"rendered":"Roter Planet f\u00fcr ein paar Minuten"},"content":{"rendered":"<div class='__iawmlf-post-loop-links' style='display:none;' data-iawmlf-post-links='[]'><\/div>\n<figure id=\"attachment_6237\" aria-describedby=\"caption-attachment-6237\" style=\"width: 1920px\" class=\"wp-caption alignleft\"><a href=\"https:\/\/www.kohlhof.de\/kohlhof\/wp-content\/uploads\/2018\/07\/2018-07-07-Sonnenuntergang1.jpg\"><img loading=\"lazy\" decoding=\"async\" data-attachment-id=\"6237\" data-permalink=\"https:\/\/www.kohlhof.de\/kohlhof\/2018\/07\/08\/6236\/2018-07-07-sonnenuntergang1\/\" data-orig-file=\"https:\/\/www.kohlhof.de\/kohlhof\/wp-content\/uploads\/2018\/07\/2018-07-07-Sonnenuntergang1.jpg\" data-orig-size=\"1920,1280\" data-comments-opened=\"1\" data-image-meta=\"{&quot;aperture&quot;:&quot;8&quot;,&quot;credit&quot;:&quot;Christian Koblhof&quot;,&quot;camera&quot;:&quot;Canon PowerShot G3 X&quot;,&quot;caption&quot;:&quot;&quot;,&quot;created_timestamp&quot;:&quot;1531084971&quot;,&quot;copyright&quot;:&quot;post@kohlhof.de&quot;,&quot;focal_length&quot;:&quot;220&quot;,&quot;iso&quot;:&quot;125&quot;,&quot;shutter_speed&quot;:&quot;0.0005&quot;,&quot;title&quot;:&quot;&quot;,&quot;orientation&quot;:&quot;0&quot;}\" data-image-title=\"Sonnengras\" data-image-description=\"&lt;p&gt;Sonnenuntergang in der N\u00e4he von Zidderich&lt;\/p&gt;\n\" data-image-caption=\"&lt;p&gt;Sonnenuntergang in der N\u00e4he von Zidderich&lt;\/p&gt;\n\" data-large-file=\"https:\/\/www.kohlhof.de\/kohlhof\/wp-content\/uploads\/2018\/07\/2018-07-07-Sonnenuntergang1-1024x683.jpg\" class=\"size-full wp-image-6237\" src=\"https:\/\/www.kohlhof.de\/kohlhof\/wp-content\/uploads\/2018\/07\/2018-07-07-Sonnenuntergang1.jpg\" alt=\"Die gl\u00fchende Sonne vor d\u00fcnnen Grashalmen im rot-orangen Gegenlicht.\" width=\"1920\" height=\"1280\" srcset=\"https:\/\/www.kohlhof.de\/kohlhof\/wp-content\/uploads\/2018\/07\/2018-07-07-Sonnenuntergang1.jpg 1920w, https:\/\/www.kohlhof.de\/kohlhof\/wp-content\/uploads\/2018\/07\/2018-07-07-Sonnenuntergang1-300x200.jpg 300w, https:\/\/www.kohlhof.de\/kohlhof\/wp-content\/uploads\/2018\/07\/2018-07-07-Sonnenuntergang1-768x512.jpg 768w, https:\/\/www.kohlhof.de\/kohlhof\/wp-content\/uploads\/2018\/07\/2018-07-07-Sonnenuntergang1-1024x683.jpg 1024w, https:\/\/www.kohlhof.de\/kohlhof\/wp-content\/uploads\/2018\/07\/2018-07-07-Sonnenuntergang1-1200x800.jpg 1200w\" sizes=\"auto, (max-width: 709px) 85vw, (max-width: 909px) 67vw, (max-width: 1362px) 62vw, 840px\" \/><\/a><figcaption id=\"caption-attachment-6237\" class=\"wp-caption-text\">Sonnenuntergang in der N\u00e4he von Zidderich<\/figcaption><\/figure>\n<figure id=\"attachment_6238\" aria-describedby=\"caption-attachment-6238\" style=\"width: 1920px\" class=\"wp-caption alignleft\"><a href=\"https:\/\/www.kohlhof.de\/kohlhof\/wp-content\/uploads\/2018\/07\/2018-07-07-Sonnenuntergang2.jpg\"><img loading=\"lazy\" decoding=\"async\" data-attachment-id=\"6238\" data-permalink=\"https:\/\/www.kohlhof.de\/kohlhof\/2018\/07\/08\/6236\/2018-07-07-sonnenuntergang2\/\" data-orig-file=\"https:\/\/www.kohlhof.de\/kohlhof\/wp-content\/uploads\/2018\/07\/2018-07-07-Sonnenuntergang2.jpg\" data-orig-size=\"1920,1280\" data-comments-opened=\"1\" data-image-meta=\"{&quot;aperture&quot;:&quot;8&quot;,&quot;credit&quot;:&quot;Christian Koblhof&quot;,&quot;camera&quot;:&quot;Canon PowerShot G3 X&quot;,&quot;caption&quot;:&quot;&quot;,&quot;created_timestamp&quot;:&quot;1531085014&quot;,&quot;copyright&quot;:&quot;post@kohlhof.de&quot;,&quot;focal_length&quot;:&quot;220&quot;,&quot;iso&quot;:&quot;125&quot;,&quot;shutter_speed&quot;:&quot;0.0005&quot;,&quot;title&quot;:&quot;&quot;,&quot;orientation&quot;:&quot;0&quot;}\" data-image-title=\"Drahtseilakt\" data-image-description=\"&lt;p&gt;Wie auf einem Hochseil: Die Sonne balanciert auf einem Draht.&lt;\/p&gt;\n\" data-image-caption=\"&lt;p&gt;Wie auf einem Hochseil: Die Sonne balanciert auf einem Draht.&lt;\/p&gt;\n\" data-large-file=\"https:\/\/www.kohlhof.de\/kohlhof\/wp-content\/uploads\/2018\/07\/2018-07-07-Sonnenuntergang2-1024x683.jpg\" class=\"size-full wp-image-6238\" src=\"https:\/\/www.kohlhof.de\/kohlhof\/wp-content\/uploads\/2018\/07\/2018-07-07-Sonnenuntergang2.jpg\" alt=\"glei\u00dfender Sonnenball, optische Illusion, scheint auf einem Draht, der qquer im Vordergrund gespannt ist, zu balancieren.\" width=\"1920\" height=\"1280\" srcset=\"https:\/\/www.kohlhof.de\/kohlhof\/wp-content\/uploads\/2018\/07\/2018-07-07-Sonnenuntergang2.jpg 1920w, https:\/\/www.kohlhof.de\/kohlhof\/wp-content\/uploads\/2018\/07\/2018-07-07-Sonnenuntergang2-300x200.jpg 300w, https:\/\/www.kohlhof.de\/kohlhof\/wp-content\/uploads\/2018\/07\/2018-07-07-Sonnenuntergang2-768x512.jpg 768w, https:\/\/www.kohlhof.de\/kohlhof\/wp-content\/uploads\/2018\/07\/2018-07-07-Sonnenuntergang2-1024x683.jpg 1024w, https:\/\/www.kohlhof.de\/kohlhof\/wp-content\/uploads\/2018\/07\/2018-07-07-Sonnenuntergang2-1200x800.jpg 1200w\" sizes=\"auto, (max-width: 709px) 85vw, (max-width: 909px) 67vw, (max-width: 1362px) 62vw, 840px\" \/><\/a><figcaption id=\"caption-attachment-6238\" class=\"wp-caption-text\">Wie auf einem Hochseil: Die Sonne balanciert auf einem Draht.<\/figcaption><\/figure>\n<figure id=\"attachment_6239\" aria-describedby=\"caption-attachment-6239\" style=\"width: 1920px\" class=\"wp-caption alignleft\"><a href=\"https:\/\/www.kohlhof.de\/kohlhof\/wp-content\/uploads\/2018\/07\/2018-07-07-Sonnenuntergang3.jpg\"><img loading=\"lazy\" decoding=\"async\" data-attachment-id=\"6239\" data-permalink=\"https:\/\/www.kohlhof.de\/kohlhof\/2018\/07\/08\/6236\/2018-07-07-sonnenuntergang3\/\" data-orig-file=\"https:\/\/www.kohlhof.de\/kohlhof\/wp-content\/uploads\/2018\/07\/2018-07-07-Sonnenuntergang3.jpg\" data-orig-size=\"1920,1280\" data-comments-opened=\"1\" data-image-meta=\"{&quot;aperture&quot;:&quot;8&quot;,&quot;credit&quot;:&quot;Christian Koblhof&quot;,&quot;camera&quot;:&quot;Canon PowerShot G3 X&quot;,&quot;caption&quot;:&quot;&quot;,&quot;created_timestamp&quot;:&quot;1531085737&quot;,&quot;copyright&quot;:&quot;post@kohlhof.de&quot;,&quot;focal_length&quot;:&quot;220&quot;,&quot;iso&quot;:&quot;125&quot;,&quot;shutter_speed&quot;:&quot;0.0015625&quot;,&quot;title&quot;:&quot;&quot;,&quot;orientation&quot;:&quot;0&quot;}\" data-image-title=\"Sonnenspuren\" data-image-description=\"&lt;p&gt;Der Weg zum Horizont.&lt;\/p&gt;\n\" data-image-caption=\"&lt;p&gt;Der Weg zum Horizont.&lt;\/p&gt;\n\" data-large-file=\"https:\/\/www.kohlhof.de\/kohlhof\/wp-content\/uploads\/2018\/07\/2018-07-07-Sonnenuntergang3-1024x683.jpg\" class=\"size-full wp-image-6239\" src=\"https:\/\/www.kohlhof.de\/kohlhof\/wp-content\/uploads\/2018\/07\/2018-07-07-Sonnenuntergang3.jpg\" alt=\"Treckerspuren in einem Getreidefeld, Sonnenuntergang, Gegenlicht\" width=\"1920\" height=\"1280\" srcset=\"https:\/\/www.kohlhof.de\/kohlhof\/wp-content\/uploads\/2018\/07\/2018-07-07-Sonnenuntergang3.jpg 1920w, https:\/\/www.kohlhof.de\/kohlhof\/wp-content\/uploads\/2018\/07\/2018-07-07-Sonnenuntergang3-300x200.jpg 300w, https:\/\/www.kohlhof.de\/kohlhof\/wp-content\/uploads\/2018\/07\/2018-07-07-Sonnenuntergang3-768x512.jpg 768w, https:\/\/www.kohlhof.de\/kohlhof\/wp-content\/uploads\/2018\/07\/2018-07-07-Sonnenuntergang3-1024x683.jpg 1024w, https:\/\/www.kohlhof.de\/kohlhof\/wp-content\/uploads\/2018\/07\/2018-07-07-Sonnenuntergang3-1200x800.jpg 1200w\" sizes=\"auto, (max-width: 709px) 85vw, (max-width: 909px) 67vw, (max-width: 1362px) 62vw, 840px\" \/><\/a><figcaption id=\"caption-attachment-6239\" class=\"wp-caption-text\">Der Weg zum Horizont.<\/figcaption><\/figure>\n<p>Ein Sonnenuntergang zum Niederknien &#8211; genau das war auch n\u00f6tig, um die Sonne bei ihren letzten Minuten f\u00fcr heute abzulichten. Die Sonne hat kurz vorm Untergang Mecklenburg in rotestes Licht get\u00fcncht. Das sah gut aus: Ich bin mir sicher, die versuchts schon bald noch einmal.<\/p>\n","protected":false},"excerpt":{"rendered":"<p>Ein Sonnenuntergang zum Niederknien &#8211; genau das war auch n\u00f6tig, um die Sonne bei ihren letzten Minuten f\u00fcr heute abzulichten. Die Sonne hat kurz vorm Untergang Mecklenburg in rotestes Licht get\u00fcncht. Das sah gut aus: Ich bin mir sicher, die versuchts schon bald noch einmal.<\/p>\n","protected":false},"author":55,"featured_media":0,"comment_status":"open","ping_status":"open","sticky":false,"template":"","format":"standard","meta":{"h5ap_radio_sources":[],"jetpack_post_was_ever_published":false,"_jetpack_newsletter_access":"","_jetpack_dont_email_post_to_subs":false,"_jetpack_newsletter_tier_id":0,"_jetpack_memberships_contains_paywalled_content":false,"_jetpack_memberships_contains_paid_content":false,"activitypub_content_warning":"","activitypub_content_visibility":"","activitypub_max_image_attachments":4,"activitypub_interaction_policy_quote":"anyone","activitypub_status":"","footnotes":"","jetpack_publicize_message":"","jetpack_publicize_feature_enabled":true,"jetpack_social_post_already_shared":true,"jetpack_social_options":{"image_generator_settings":{"template":"highway","default_image_id":0,"font":"","enabled":false},"version":2}},"categories":[1],"tags":[1206,1231,625,1128,864],"class_list":["post-6236","post","type-post","status-publish","format-standard","hentry","category-allgemein","tag-abendrot","tag-gegenlicht","tag-natur","tag-sonne","tag-sonnenuntergang"],"jetpack_publicize_connections":[],"jetpack_featured_media_url":"","jetpack_sharing_enabled":true,"jetpack_shortlink":"https:\/\/wp.me\/saimI-6236","jetpack-related-posts":[],"_links":{"self":[{"href":"https:\/\/www.kohlhof.de\/kohlhof\/wp-json\/wp\/v2\/posts\/6236","targetHints":{"allow":["GET"]}}],"collection":[{"href":"https:\/\/www.kohlhof.de\/kohlhof\/wp-json\/wp\/v2\/posts"}],"about":[{"href":"https:\/\/www.kohlhof.de\/kohlhof\/wp-json\/wp\/v2\/types\/post"}],"author":[{"embeddable":true,"href":"https:\/\/www.kohlhof.de\/kohlhof\/wp-json\/wp\/v2\/users\/55"}],"replies":[{"embeddable":true,"href":"https:\/\/www.kohlhof.de\/kohlhof\/wp-json\/wp\/v2\/comments?post=6236"}],"version-history":[{"count":3,"href":"https:\/\/www.kohlhof.de\/kohlhof\/wp-json\/wp\/v2\/posts\/6236\/revisions"}],"predecessor-version":[{"id":6242,"href":"https:\/\/www.kohlhof.de\/kohlhof\/wp-json\/wp\/v2\/posts\/6236\/revisions\/6242"}],"wp:attachment":[{"href":"https:\/\/www.kohlhof.de\/kohlhof\/wp-json\/wp\/v2\/media?parent=6236"}],"wp:term":[{"taxonomy":"category","embeddable":true,"href":"https:\/\/www.kohlhof.de\/kohlhof\/wp-json\/wp\/v2\/categories?post=6236"},{"taxonomy":"post_tag","embeddable":true,"href":"https:\/\/www.kohlhof.de\/kohlhof\/wp-json\/wp\/v2\/tags?post=6236"}],"curies":[{"name":"wp","href":"https:\/\/api.w.org\/{rel}","templated":true}]}}