{"id":6304,"date":"2019-02-17T17:15:48","date_gmt":"2019-02-17T16:15:48","guid":{"rendered":"http:\/\/www.kohlhof.de\/kohlhof\/?p=6304"},"modified":"2023-06-07T19:50:13","modified_gmt":"2023-06-07T17:50:13","slug":"von-oben","status":"publish","type":"post","link":"https:\/\/www.kohlhof.de\/kohlhof\/2019\/02\/17\/von-oben\/","title":{"rendered":"Von oben"},"content":{"rendered":"<div class='__iawmlf-post-loop-links' style='display:none;' data-iawmlf-post-links='[]'><\/div>\n<figure class=\"wp-block-embed-vimeo wp-block-embed is-type-video is-provider-vimeo wp-embed-aspect-16-9 wp-has-aspect-ratio\"><div class=\"wp-block-embed__wrapper\">\n<iframe loading=\"lazy\" title=\"The World Below: Time-Lapse | Earth 2\" src=\"https:\/\/player.vimeo.com\/video\/306705787?dnt=1&amp;app_id=122963\" width=\"840\" height=\"473\" frameborder=\"0\" allow=\"autoplay; fullscreen; picture-in-picture; clipboard-write; encrypted-media\"><\/iframe>\n<\/div><figcaption>Der Planet Erde aus der Sicht und in den Bildern von Astronauten der Internationalen Space-Station.<\/figcaption><\/figure>\n\n\n\n<p class=\"has-text-color has-background has-drop-cap has-white-color has-dark-gray-background-color\">Es sieht aus, als w\u00e4re alles in Ordnung hier unten. Das ist immer das Besondere an Fotos und Filmen, die unsere Erde vom Weltall aus zeigen: Die Idioten und Trottel und was sie tun oder lassen, das alles ist einfach nicht zu sehen. Einfach nur:  Schimmernde Seen, Leuchtende St\u00e4dte, Sch\u00e4fchenwolken, Gewitter \u00fcberm Mittelmeer &#8211; und dann die Polarlichter! Das Video zeigt aufbereitete Videoaufnahmen von Bord der ISS. <\/p>\n","protected":false},"excerpt":{"rendered":"<p>Es sieht aus, als w\u00e4re alles in Ordnung hier unten. Das ist immer das Besondere an Fotos und Filmen, die unsere Erde vom Weltall aus zeigen: Die Idioten und Trottel und was sie tun oder lassen, das alles ist einfach nicht zu sehen. Einfach nur: Schimmernde Seen, Leuchtende St\u00e4dte, Sch\u00e4fchenwolken, Gewitter \u00fcberm Mittelmeer &#8211; und &hellip; <a href=\"https:\/\/www.kohlhof.de\/kohlhof\/2019\/02\/17\/von-oben\/\" class=\"more-link\"><span class=\"screen-reader-text\">\u201eVon oben\u201c <\/span>weiterlesen<\/a><\/p>\n","protected":false},"author":55,"featured_media":0,"comment_status":"open","ping_status":"open","sticky":false,"template":"","format":"video","meta":{"h5ap_radio_sources":[],"jetpack_post_was_ever_published":false,"_jetpack_newsletter_access":"","_jetpack_dont_email_post_to_subs":false,"_jetpack_newsletter_tier_id":0,"_jetpack_memberships_contains_paywalled_content":false,"_jetpack_memberships_contains_paid_content":false,"activitypub_content_warning":"","activitypub_content_visibility":"","activitypub_max_image_attachments":4,"activitypub_interaction_policy_quote":"anyone","activitypub_status":"","footnotes":"","jetpack_publicize_message":"Von oben siehts aus, als w\u00e4re hier unten alles in Ordnung. Die Erde im Schnelldurchlauf. Trotzdem majest\u00e4tisch und ruhig. Von Bord der ISS aus gefilmt. ","jetpack_publicize_feature_enabled":true,"jetpack_social_post_already_shared":true,"jetpack_social_options":{"image_generator_settings":{"template":"highway","default_image_id":0,"font":"","enabled":false},"version":2}},"categories":[1],"tags":[1244,1246,1245,1243,1248,644,1247,898,1242],"class_list":["post-6304","post","type-post","status-publish","format-video","hentry","category-allgemein","tag-erde","tag-internationale-raumstation","tag-iss","tag-planet","tag-timelapse","tag-video","tag-vimeo","tag-weltall","tag-weltraum","post_format-post-format-video"],"jetpack_publicize_connections":[],"jetpack_featured_media_url":"","jetpack_sharing_enabled":true,"jetpack_shortlink":"https:\/\/wp.me\/paimI-1DG","jetpack-related-posts":[],"_links":{"self":[{"href":"https:\/\/www.kohlhof.de\/kohlhof\/wp-json\/wp\/v2\/posts\/6304","targetHints":{"allow":["GET"]}}],"collection":[{"href":"https:\/\/www.kohlhof.de\/kohlhof\/wp-json\/wp\/v2\/posts"}],"about":[{"href":"https:\/\/www.kohlhof.de\/kohlhof\/wp-json\/wp\/v2\/types\/post"}],"author":[{"embeddable":true,"href":"https:\/\/www.kohlhof.de\/kohlhof\/wp-json\/wp\/v2\/users\/55"}],"replies":[{"embeddable":true,"href":"https:\/\/www.kohlhof.de\/kohlhof\/wp-json\/wp\/v2\/comments?post=6304"}],"version-history":[{"count":1,"href":"https:\/\/www.kohlhof.de\/kohlhof\/wp-json\/wp\/v2\/posts\/6304\/revisions"}],"predecessor-version":[{"id":6305,"href":"https:\/\/www.kohlhof.de\/kohlhof\/wp-json\/wp\/v2\/posts\/6304\/revisions\/6305"}],"wp:attachment":[{"href":"https:\/\/www.kohlhof.de\/kohlhof\/wp-json\/wp\/v2\/media?parent=6304"}],"wp:term":[{"taxonomy":"category","embeddable":true,"href":"https:\/\/www.kohlhof.de\/kohlhof\/wp-json\/wp\/v2\/categories?post=6304"},{"taxonomy":"post_tag","embeddable":true,"href":"https:\/\/www.kohlhof.de\/kohlhof\/wp-json\/wp\/v2\/tags?post=6304"}],"curies":[{"name":"wp","href":"https:\/\/api.w.org\/{rel}","templated":true}]}}