{"id":689,"date":"2007-10-01T12:07:10","date_gmt":"2007-10-01T10:07:10","guid":{"rendered":"http:\/\/www.kohlhof.de\/kohlhof\/2007\/10\/01\/wie-heist-ihr-kuscheltier\/"},"modified":"2007-10-01T12:07:10","modified_gmt":"2007-10-01T10:07:10","slug":"wie-heist-ihr-kuscheltier","status":"publish","type":"post","link":"https:\/\/www.kohlhof.de\/kohlhof\/2007\/10\/01\/wie-heist-ihr-kuscheltier\/","title":{"rendered":"Wie hei\u00dft Ihr Kuscheltier?"},"content":{"rendered":"<div class='__iawmlf-post-loop-links' style='display:none;' data-iawmlf-post-links='[]'><\/div>\n<p>Teddy Kohlhof hatte <a href=\"https:\/\/www.kohlhof.de\/kohlhof\/2006\/01\/25\/die-sendung-der-steine-1981\/\" title=\"hier\">hier<\/a> ja schon einen akustischen Auftritt (die Aufnahme von damals ist ja sozusagen meine allererste Podcast-Ausgabe). Mein treuer Begleiter, ehemals pelzig, inzwischen seit \u00fcber zwei Jahrzehnten nahezu \u00a0kahl, kommt mir in den Sinn, weil ich am Wochenende w\u00e4hrend einer Feier unter anderem einer Unterredung beiwohnen durfte, in der es um die Namen f\u00fcr Kuscheltiere ging. Nat\u00fcrlich hatte jemand die tolle Idee, dass man doch auch mal auf kohlhof.de fragen k\u00f6nnte, welche Namen die Leser einst ihren Pl\u00fcschhasen, Knuddelb\u00e4ren und so weiter gaben.<\/p>\n<p>Also, bitte! Seien Sie ein aufrechter Mensch und gestehen Sie: Wie hie\u00df oder hei\u00dft Ihr Kuscheltier, worum handelt es sich und wo ist es jetzt?<\/p>\n","protected":false},"excerpt":{"rendered":"<p>Teddy Kohlhof hatte hier ja schon einen akustischen Auftritt (die Aufnahme von damals ist ja sozusagen meine allererste Podcast-Ausgabe). Mein treuer Begleiter, ehemals pelzig, inzwischen seit \u00fcber zwei Jahrzehnten nahezu \u00a0kahl, kommt mir in den Sinn, weil ich am Wochenende w\u00e4hrend einer Feier unter anderem einer Unterredung beiwohnen durfte, in der es um die Namen &hellip; <a href=\"https:\/\/www.kohlhof.de\/kohlhof\/2007\/10\/01\/wie-heist-ihr-kuscheltier\/\" class=\"more-link\"><span class=\"screen-reader-text\">\u201eWie hei\u00dft Ihr Kuscheltier?\u201c <\/span>weiterlesen<\/a><\/p>\n","protected":false},"author":55,"featured_media":0,"comment_status":"open","ping_status":"open","sticky":false,"template":"","format":"standard","meta":{"h5ap_radio_sources":[],"jetpack_post_was_ever_published":false,"_jetpack_newsletter_access":"","_jetpack_dont_email_post_to_subs":false,"_jetpack_newsletter_tier_id":0,"_jetpack_memberships_contains_paywalled_content":false,"_jetpack_memberships_contains_paid_content":false,"activitypub_content_warning":"","activitypub_content_visibility":"","activitypub_max_image_attachments":4,"activitypub_interaction_policy_quote":"anyone","activitypub_status":"","footnotes":"","jetpack_publicize_message":"","jetpack_publicize_feature_enabled":true,"jetpack_social_post_already_shared":false,"jetpack_social_options":{"image_generator_settings":{"template":"highway","default_image_id":0,"font":"","enabled":false},"version":2}},"categories":[2],"tags":[180,179],"class_list":["post-689","post","type-post","status-publish","format-standard","hentry","category-politik-und-verwaltung","tag-kindheit","tag-kuscheltiere"],"jetpack_publicize_connections":[],"jetpack_featured_media_url":"","jetpack_sharing_enabled":true,"jetpack_shortlink":"https:\/\/wp.me\/paimI-b7","jetpack-related-posts":[],"_links":{"self":[{"href":"https:\/\/www.kohlhof.de\/kohlhof\/wp-json\/wp\/v2\/posts\/689","targetHints":{"allow":["GET"]}}],"collection":[{"href":"https:\/\/www.kohlhof.de\/kohlhof\/wp-json\/wp\/v2\/posts"}],"about":[{"href":"https:\/\/www.kohlhof.de\/kohlhof\/wp-json\/wp\/v2\/types\/post"}],"author":[{"embeddable":true,"href":"https:\/\/www.kohlhof.de\/kohlhof\/wp-json\/wp\/v2\/users\/55"}],"replies":[{"embeddable":true,"href":"https:\/\/www.kohlhof.de\/kohlhof\/wp-json\/wp\/v2\/comments?post=689"}],"version-history":[{"count":0,"href":"https:\/\/www.kohlhof.de\/kohlhof\/wp-json\/wp\/v2\/posts\/689\/revisions"}],"wp:attachment":[{"href":"https:\/\/www.kohlhof.de\/kohlhof\/wp-json\/wp\/v2\/media?parent=689"}],"wp:term":[{"taxonomy":"category","embeddable":true,"href":"https:\/\/www.kohlhof.de\/kohlhof\/wp-json\/wp\/v2\/categories?post=689"},{"taxonomy":"post_tag","embeddable":true,"href":"https:\/\/www.kohlhof.de\/kohlhof\/wp-json\/wp\/v2\/tags?post=689"}],"curies":[{"name":"wp","href":"https:\/\/api.w.org\/{rel}","templated":true}]}}