{"id":7416,"date":"2023-07-12T15:48:29","date_gmt":"2023-07-12T13:48:29","guid":{"rendered":"https:\/\/www.kohlhof.de\/kohlhof\/?p=7416"},"modified":"2023-07-12T15:48:29","modified_gmt":"2023-07-12T13:48:29","slug":"ergaenzung-fuers-woerterbuch","status":"publish","type":"post","link":"https:\/\/www.kohlhof.de\/kohlhof\/2023\/07\/12\/ergaenzung-fuers-woerterbuch\/","title":{"rendered":"Erg\u00e4nzung f\u00fcrs W\u00f6rterbuch"},"content":{"rendered":"<div class='__iawmlf-post-loop-links' style='display:none;' data-iawmlf-post-links='[{&quot;id&quot;:2,&quot;href&quot;:&quot;https:\\\/\\\/www.ndr.de\\\/nachrichten\\\/mecklenburg-vorpommern\\\/klimastiftung184.html&quot;,&quot;archived_href&quot;:&quot;&quot;,&quot;redirect_href&quot;:&quot;https:\\\/\\\/www.ndr.de\\\/nachrichten\\\/mecklenburg-vorpommern&quot;,&quot;checks&quot;:[],&quot;broken&quot;:false,&quot;last_checked&quot;:null,&quot;process&quot;:&quot;done&quot;},{&quot;id&quot;:3,&quot;href&quot;:&quot;https:\\\/\\\/www.ndr.de\\\/nachrichten\\\/mecklenburg-vorpommern\\\/Experte-Pegel-haette-Mails-zur-Klimastiftung-nicht-loeschen-duerfen,klimastiftung184.html&quot;,&quot;archived_href&quot;:&quot;http:\\\/\\\/web-wp.archive.org\\\/web\\\/20250707134240\\\/https:\\\/\\\/www.ndr.de\\\/nachrichten\\\/mecklenburg-vorpommern\\\/Experte-Pegel-haette-Mails-zur-Klimastiftung-nicht-loeschen-duerfen,klimastiftung184.html&quot;,&quot;redirect_href&quot;:&quot;&quot;,&quot;checks&quot;:[{&quot;date&quot;:&quot;2026-02-10 21:45:34&quot;,&quot;http_code&quot;:200},{&quot;date&quot;:&quot;2026-02-19 10:22:29&quot;,&quot;http_code&quot;:200},{&quot;date&quot;:&quot;2026-02-22 10:58:00&quot;,&quot;http_code&quot;:200},{&quot;date&quot;:&quot;2026-03-02 06:19:19&quot;,&quot;http_code&quot;:200},{&quot;date&quot;:&quot;2026-03-07 20:27:46&quot;,&quot;http_code&quot;:200},{&quot;date&quot;:&quot;2026-03-11 02:28:30&quot;,&quot;http_code&quot;:200},{&quot;date&quot;:&quot;2026-03-15 01:38:48&quot;,&quot;http_code&quot;:200},{&quot;date&quot;:&quot;2026-03-20 08:56:29&quot;,&quot;http_code&quot;:200},{&quot;date&quot;:&quot;2026-03-26 20:31:14&quot;,&quot;http_code&quot;:200},{&quot;date&quot;:&quot;2026-03-31 07:51:09&quot;,&quot;http_code&quot;:200},{&quot;date&quot;:&quot;2026-04-03 22:11:12&quot;,&quot;http_code&quot;:200},{&quot;date&quot;:&quot;2026-04-08 04:58:17&quot;,&quot;http_code&quot;:200},{&quot;date&quot;:&quot;2026-04-13 02:58:22&quot;,&quot;http_code&quot;:200},{&quot;date&quot;:&quot;2026-04-18 12:47:38&quot;,&quot;http_code&quot;:200},{&quot;date&quot;:&quot;2026-04-21 13:18:57&quot;,&quot;http_code&quot;:200},{&quot;date&quot;:&quot;2026-04-24 23:55:01&quot;,&quot;http_code&quot;:200},{&quot;date&quot;:&quot;2026-04-28 23:06:40&quot;,&quot;http_code&quot;:200}],&quot;broken&quot;:false,&quot;last_checked&quot;:{&quot;date&quot;:&quot;2026-04-28 23:06:40&quot;,&quot;http_code&quot;:200},&quot;process&quot;:&quot;done&quot;}]'><\/div>\n<figure class=\"wp-block-image size-large\"><a href=\"https:\/\/www.ndr.de\/nachrichten\/mecklenburg-vorpommern\/klimastiftung184.html\" target=\"_blank\" rel=\"noreferrer noopener\"><img loading=\"lazy\" decoding=\"async\" width=\"1024\" height=\"1024\" data-attachment-id=\"7418\" data-permalink=\"https:\/\/www.kohlhof.de\/kohlhof\/2023\/07\/12\/ergaenzung-fuers-woerterbuch\/2023-07-12-duden-pegeln-2\/\" data-orig-file=\"https:\/\/www.kohlhof.de\/kohlhof\/wp-content\/uploads\/2023\/07\/2023-07-12-Duden-Pegeln-1.png\" data-orig-size=\"1080,1080\" data-comments-opened=\"1\" data-image-meta=\"{&quot;aperture&quot;:&quot;0&quot;,&quot;credit&quot;:&quot;&quot;,&quot;camera&quot;:&quot;&quot;,&quot;caption&quot;:&quot;&quot;,&quot;created_timestamp&quot;:&quot;0&quot;,&quot;copyright&quot;:&quot;&quot;,&quot;focal_length&quot;:&quot;0&quot;,&quot;iso&quot;:&quot;0&quot;,&quot;shutter_speed&quot;:&quot;0&quot;,&quot;title&quot;:&quot;&quot;,&quot;orientation&quot;:&quot;0&quot;}\" data-image-title=\"2023-07-12 Duden Pegeln\" data-image-description=\"&lt;p&gt;Einlegeblatt f\u00fcr Ihr W\u00f6rterbuch. Gern geschehen. Ein Service von kohlhof.de&lt;\/p&gt;\n\" data-image-caption=\"&lt;p&gt;Einlegeblatt f\u00fcr Ihr W\u00f6rterbuch. Gern geschehen. Ein Service von kohlhof.de&lt;\/p&gt;\n\" data-large-file=\"https:\/\/www.kohlhof.de\/kohlhof\/wp-content\/uploads\/2023\/07\/2023-07-12-Duden-Pegeln-1-1024x1024.png\" src=\"https:\/\/www.kohlhof.de\/kohlhof\/wp-content\/uploads\/2023\/07\/2023-07-12-Duden-Pegeln-1-1024x1024.png\" alt=\"pegeln\nWortart:\tschwaches Verb\nGebrauch:\tderb\nBetonung\tp?geln\nWorttrennung:\tpe|geln\nBeispiele:\tich peg[e]le, du wirst gepegelt haben, ich muss noch mein Mail-Postfach auspegeln, wer hat meine Akten\ngepegelt?\nBedeutung:\tvermeintlich Bedeutungsloses\nund\/oder Belastendes nonchalant\nder Verwertung zuf\u00fchren\nSiehe auch:\tselleringen, kohlen\n\" class=\"wp-image-7418\" srcset=\"https:\/\/www.kohlhof.de\/kohlhof\/wp-content\/uploads\/2023\/07\/2023-07-12-Duden-Pegeln-1-1024x1024.png 1024w, https:\/\/www.kohlhof.de\/kohlhof\/wp-content\/uploads\/2023\/07\/2023-07-12-Duden-Pegeln-1-300x300.png 300w, https:\/\/www.kohlhof.de\/kohlhof\/wp-content\/uploads\/2023\/07\/2023-07-12-Duden-Pegeln-1-150x150.png 150w, https:\/\/www.kohlhof.de\/kohlhof\/wp-content\/uploads\/2023\/07\/2023-07-12-Duden-Pegeln-1-768x768.png 768w, https:\/\/www.kohlhof.de\/kohlhof\/wp-content\/uploads\/2023\/07\/2023-07-12-Duden-Pegeln-1.png 1080w\" sizes=\"auto, (max-width: 709px) 85vw, (max-width: 909px) 67vw, (max-width: 1362px) 62vw, 840px\" \/><\/a><figcaption class=\"wp-element-caption\">Einlegeblatt f\u00fcr Ihr W\u00f6rterbuch. Gern geschehen. Ein Service von kohlhof.de<\/figcaption><\/figure>\n\n\n\n<p>Die Frage, ob man als Minister wichtige E-Mails zu ma\u00dfgeblichen Projekten l\u00f6schen sollte oder nicht, ist nat\u00fcrlich gut. Leider l\u00e4sst sich bei gel\u00f6schten Mails auf die Schnelle ja nicht mehr pr\u00fcfen, ob sie wichtig waren. <a rel=\"noreferrer noopener\" href=\"https:\/\/www.ndr.de\/nachrichten\/mecklenburg-vorpommern\/Experte-Pegel-haette-Mails-zur-Klimastiftung-nicht-loeschen-duerfen,klimastiftung184.html\" target=\"_blank\">Und genau das ist das Problem, das in der Amtszeit von Christian Pegel als Energieminister von MV entstanden ist<\/a>.<\/p>\n","protected":false},"excerpt":{"rendered":"<p>Die Frage, ob man als Minister wichtige E-Mails zu ma\u00dfgeblichen Projekten l\u00f6schen sollte oder nicht, ist nat\u00fcrlich gut. Leider l\u00e4sst sich bei gel\u00f6schten Mails auf die Schnelle ja nicht mehr pr\u00fcfen, ob sie wichtig waren. Und genau das ist das Problem, das in der Amtszeit von Christian Pegel als Energieminister von MV entstanden ist.<\/p>\n","protected":false},"author":120,"featured_media":0,"comment_status":"open","ping_status":"open","sticky":false,"template":"","format":"standard","meta":{"h5ap_radio_sources":[],"jetpack_post_was_ever_published":false,"_jetpack_newsletter_access":"","_jetpack_dont_email_post_to_subs":false,"_jetpack_newsletter_tier_id":0,"_jetpack_memberships_contains_paywalled_content":false,"_jetpack_memberships_contains_paid_content":false,"activitypub_content_warning":"","activitypub_content_visibility":"","activitypub_max_image_attachments":4,"activitypub_interaction_policy_quote":"anyone","activitypub_status":"","footnotes":"","jetpack_publicize_message":"","jetpack_publicize_feature_enabled":true,"jetpack_social_post_already_shared":true,"jetpack_social_options":{"image_generator_settings":{"template":"highway","default_image_id":0,"font":"","enabled":false},"version":2}},"categories":[2],"tags":[1423,1422,1421,27],"class_list":["post-7416","post","type-post","status-publish","format-standard","hentry","category-politik-und-verwaltung","tag-klimastiftung","tag-landesregierung","tag-mv","tag-politik"],"jetpack_publicize_connections":[],"jetpack_featured_media_url":"","jetpack_sharing_enabled":true,"jetpack_shortlink":"https:\/\/wp.me\/paimI-1VC","jetpack-related-posts":[],"_links":{"self":[{"href":"https:\/\/www.kohlhof.de\/kohlhof\/wp-json\/wp\/v2\/posts\/7416","targetHints":{"allow":["GET"]}}],"collection":[{"href":"https:\/\/www.kohlhof.de\/kohlhof\/wp-json\/wp\/v2\/posts"}],"about":[{"href":"https:\/\/www.kohlhof.de\/kohlhof\/wp-json\/wp\/v2\/types\/post"}],"author":[{"embeddable":true,"href":"https:\/\/www.kohlhof.de\/kohlhof\/wp-json\/wp\/v2\/users\/120"}],"replies":[{"embeddable":true,"href":"https:\/\/www.kohlhof.de\/kohlhof\/wp-json\/wp\/v2\/comments?post=7416"}],"version-history":[{"count":1,"href":"https:\/\/www.kohlhof.de\/kohlhof\/wp-json\/wp\/v2\/posts\/7416\/revisions"}],"predecessor-version":[{"id":7419,"href":"https:\/\/www.kohlhof.de\/kohlhof\/wp-json\/wp\/v2\/posts\/7416\/revisions\/7419"}],"wp:attachment":[{"href":"https:\/\/www.kohlhof.de\/kohlhof\/wp-json\/wp\/v2\/media?parent=7416"}],"wp:term":[{"taxonomy":"category","embeddable":true,"href":"https:\/\/www.kohlhof.de\/kohlhof\/wp-json\/wp\/v2\/categories?post=7416"},{"taxonomy":"post_tag","embeddable":true,"href":"https:\/\/www.kohlhof.de\/kohlhof\/wp-json\/wp\/v2\/tags?post=7416"}],"curies":[{"name":"wp","href":"https:\/\/api.w.org\/{rel}","templated":true}]}}