{"id":760,"date":"2008-01-02T12:24:56","date_gmt":"2008-01-02T11:24:56","guid":{"rendered":"http:\/\/www.kohlhof.de\/kohlhof\/2008\/01\/02\/mutter-mit-14\/"},"modified":"2008-01-02T16:55:26","modified_gmt":"2008-01-02T15:55:26","slug":"mutter-mit-14","status":"publish","type":"post","link":"https:\/\/www.kohlhof.de\/kohlhof\/2008\/01\/02\/mutter-mit-14\/","title":{"rendered":"Mutter mit 14"},"content":{"rendered":"<div class='__iawmlf-post-loop-links' style='display:none;' data-iawmlf-post-links='[{&quot;id&quot;:858,&quot;href&quot;:&quot;http:\\\/\\\/www.ndr1radiomv.de\\\/programm\\\/sendungen\\\/markertammorgen2.html&quot;,&quot;archived_href&quot;:&quot;http:\\\/\\\/web-wp.archive.org\\\/web\\\/20090807091501\\\/http:\\\/\\\/www.ndr1radiomv.de:80\\\/programm\\\/sendungen\\\/markertammorgen2.html&quot;,&quot;redirect_href&quot;:&quot;&quot;,&quot;checks&quot;:[{&quot;date&quot;:&quot;2026-02-11 16:20:29&quot;,&quot;http_code&quot;:200},{&quot;date&quot;:&quot;2026-03-04 12:59:19&quot;,&quot;http_code&quot;:200},{&quot;date&quot;:&quot;2026-03-14 01:45:28&quot;,&quot;http_code&quot;:200},{&quot;date&quot;:&quot;2026-03-27 11:48:05&quot;,&quot;http_code&quot;:200},{&quot;date&quot;:&quot;2026-04-09 21:36:20&quot;,&quot;http_code&quot;:200},{&quot;date&quot;:&quot;2026-04-13 19:16:29&quot;,&quot;http_code&quot;:200},{&quot;date&quot;:&quot;2026-04-21 22:35:17&quot;,&quot;http_code&quot;:200},{&quot;date&quot;:&quot;2026-04-26 02:45:22&quot;,&quot;http_code&quot;:200}],&quot;broken&quot;:false,&quot;last_checked&quot;:{&quot;date&quot;:&quot;2026-04-26 02:45:22&quot;,&quot;http_code&quot;:200},&quot;process&quot;:&quot;done&quot;},{&quot;id&quot;:859,&quot;href&quot;:&quot;http:\\\/\\\/ralfmarkert.blog.ndr.de\\\/index.php&quot;,&quot;archived_href&quot;:&quot;http:\\\/\\\/web-wp.archive.org\\\/web\\\/20090429221648\\\/http:\\\/\\\/ralfmarkert.blog.ndr.de:80\\\/index.php&quot;,&quot;redirect_href&quot;:&quot;&quot;,&quot;checks&quot;:[{&quot;date&quot;:&quot;2026-02-11 16:20:34&quot;,&quot;http_code&quot;:503},{&quot;date&quot;:&quot;2026-03-04 12:59:22&quot;,&quot;http_code&quot;:200},{&quot;date&quot;:&quot;2026-03-14 01:45:31&quot;,&quot;http_code&quot;:200},{&quot;date&quot;:&quot;2026-03-19 22:45:09&quot;,&quot;http_code&quot;:503},{&quot;date&quot;:&quot;2026-03-27 11:48:06&quot;,&quot;http_code&quot;:200},{&quot;date&quot;:&quot;2026-04-09 21:36:21&quot;,&quot;http_code&quot;:200},{&quot;date&quot;:&quot;2026-04-13 19:16:31&quot;,&quot;http_code&quot;:200},{&quot;date&quot;:&quot;2026-04-21 22:35:18&quot;,&quot;http_code&quot;:200},{&quot;date&quot;:&quot;2026-04-26 02:45:24&quot;,&quot;http_code&quot;:503}],&quot;broken&quot;:false,&quot;last_checked&quot;:{&quot;date&quot;:&quot;2026-04-26 02:45:24&quot;,&quot;http_code&quot;:503},&quot;process&quot;:&quot;done&quot;}]'><\/div>\n<p>Der erste Arbeitstag im neuen Jahr bescherte mir einen Einsatz im Kreiskrankenhaus Demmin. Dort ist Phil zur Welt gekommen. Weil er das am 1. Januar um 0.02 Uhr getan hat, geht er nun als &#8220;erstes Baby in Deutschland im Jahr 2008&#8221; in die Chronik ein.<\/p>\n<p>Phil ist, wie alle Neugeborenen eigentlich, winzig, niedlich, ein wenig zerknautscht und schl\u00e4frig. Gewicht (3270 Gramm) und Gr\u00f6\u00dfe (50 Zentimeter) machen ihn zu einem &#8220;Durchschnittseurop\u00e4er&#8221;, wie es die Ober\u00e4rztin heute fr\u00fch augenzwinkernd formulierte. Der kleine Mann ist ein properes, gesundes Kerlchen.<\/p>\n<p>Seine Mutter ist allerdings selbst noch fast ein Kind: Sie ist 14 Jahre alt, der Vater des Kindes ist 16. Das habe sie sich nicht tr\u00e4umen lassen, dass sie in diesem Alter schon Mutter wird, sagte die Gymnasiastin. Ihre Familie w\u00fcrde sie aber gut unterst\u00fctzen. So sei auch schon geregelt, dass sich Oma undUroma um Phil k\u00fcmmern, wenn seine Mutter wieder zur Schule geht.<\/p>\n<p>Mutter mit 14 zu sein, das ist bestimmt besonders schwierig. Um so besser f\u00fcr Mutter und Kind, wenn der Nachwuchs in einer funktionierenden Familie aufw\u00e4chst. Gute W\u00fcnsche begleiten die junge Mutter jedenfalls &#8211; auch von Leuten, die sie gar nicht kennt: Viele meiner Kollegen haben mich n\u00e4mlich nach meiner R\u00fcckkehr aus Demmin gefragt, wie es um Mutter und Kind bestellt ist.<\/p>\n<p><em>Edit: \u00dcber Phil habe ich heute in 2 Reportagen f\u00fcr NDR1 Radio MV berichtet und au\u00dferdem ein langes ARD-Sammel abgesetzt. Bei NDR1 Radio MV gibt es seit heute eine neue Fr\u00fchsendung mit dem Titel &#8220;<a href=\"http:\/\/www.ndr1radiomv.de\/programm\/sendungen\/markertammorgen2.html\" title=\"NDR1 Radio MV, Informationen zur neuen Fr\u00fchsendung\">Markert am Morgen<\/a>&#8220;. Und dazu gibt es auch einen <a href=\"http:\/\/ralfmarkert.blog.ndr.de\/index.php\" title=\"NDR-Blog zu \">Blog<\/a>.<\/em><\/p>\n","protected":false},"excerpt":{"rendered":"<p>Der erste Arbeitstag im neuen Jahr bescherte mir einen Einsatz im Kreiskrankenhaus Demmin. Dort ist Phil zur Welt gekommen. Weil er das am 1. Januar um 0.02 Uhr getan hat, geht er nun als &#8220;erstes Baby in Deutschland im Jahr 2008&#8221; in die Chronik ein. Phil ist, wie alle Neugeborenen eigentlich, winzig, niedlich, ein wenig &hellip; <a href=\"https:\/\/www.kohlhof.de\/kohlhof\/2008\/01\/02\/mutter-mit-14\/\" class=\"more-link\"><span class=\"screen-reader-text\">\u201eMutter mit 14\u201c <\/span>weiterlesen<\/a><\/p>\n","protected":false},"author":55,"featured_media":0,"comment_status":"open","ping_status":"open","sticky":false,"template":"","format":"standard","meta":{"h5ap_radio_sources":[],"jetpack_post_was_ever_published":false,"_jetpack_newsletter_access":"","_jetpack_dont_email_post_to_subs":false,"_jetpack_newsletter_tier_id":0,"_jetpack_memberships_contains_paywalled_content":false,"_jetpack_memberships_contains_paid_content":false,"activitypub_content_warning":"","activitypub_content_visibility":"","activitypub_max_image_attachments":4,"activitypub_interaction_policy_quote":"anyone","activitypub_status":"","footnotes":"","jetpack_publicize_message":"","jetpack_publicize_feature_enabled":true,"jetpack_social_post_already_shared":false,"jetpack_social_options":{"image_generator_settings":{"template":"highway","default_image_id":0,"font":"","enabled":false},"version":2}},"categories":[2],"tags":[227,140,1022,123],"class_list":["post-760","post","type-post","status-publish","format-standard","hentry","category-politik-und-verwaltung","tag-geburten","tag-neujahr","tag-arbeit","tag-statistik"],"jetpack_publicize_connections":[],"jetpack_featured_media_url":"","jetpack_sharing_enabled":true,"jetpack_shortlink":"https:\/\/wp.me\/paimI-cg","jetpack-related-posts":[],"_links":{"self":[{"href":"https:\/\/www.kohlhof.de\/kohlhof\/wp-json\/wp\/v2\/posts\/760","targetHints":{"allow":["GET"]}}],"collection":[{"href":"https:\/\/www.kohlhof.de\/kohlhof\/wp-json\/wp\/v2\/posts"}],"about":[{"href":"https:\/\/www.kohlhof.de\/kohlhof\/wp-json\/wp\/v2\/types\/post"}],"author":[{"embeddable":true,"href":"https:\/\/www.kohlhof.de\/kohlhof\/wp-json\/wp\/v2\/users\/55"}],"replies":[{"embeddable":true,"href":"https:\/\/www.kohlhof.de\/kohlhof\/wp-json\/wp\/v2\/comments?post=760"}],"version-history":[{"count":0,"href":"https:\/\/www.kohlhof.de\/kohlhof\/wp-json\/wp\/v2\/posts\/760\/revisions"}],"wp:attachment":[{"href":"https:\/\/www.kohlhof.de\/kohlhof\/wp-json\/wp\/v2\/media?parent=760"}],"wp:term":[{"taxonomy":"category","embeddable":true,"href":"https:\/\/www.kohlhof.de\/kohlhof\/wp-json\/wp\/v2\/categories?post=760"},{"taxonomy":"post_tag","embeddable":true,"href":"https:\/\/www.kohlhof.de\/kohlhof\/wp-json\/wp\/v2\/tags?post=760"}],"curies":[{"name":"wp","href":"https:\/\/api.w.org\/{rel}","templated":true}]}}