{"id":979,"date":"2008-09-05T18:32:03","date_gmt":"2008-09-05T16:32:03","guid":{"rendered":"http:\/\/www.kohlhof.de\/kohlhof\/2008\/09\/05\/apfel-fall\/"},"modified":"2008-09-08T22:15:44","modified_gmt":"2008-09-08T20:15:44","slug":"apfel-fall","status":"publish","type":"post","link":"https:\/\/www.kohlhof.de\/kohlhof\/2008\/09\/05\/apfel-fall\/","title":{"rendered":"Apfel-Fall"},"content":{"rendered":"<div class='__iawmlf-post-loop-links' style='display:none;' data-iawmlf-post-links='[]'><\/div>\n<p><img decoding=\"async\" src=\"https:\/\/www.kohlhof.de\/kohlhof\/wp-content\/uploads\/2006\/03\/updatemeldung.jpg\" alt=\"Updatemeldungsbanner\" \/><\/p>\n<p>Frage an die Juristen unter uns:<\/p>\n<p><img decoding=\"async\" src=\"https:\/\/www.kohlhof.de\/kohlhof\/wp-content\/uploads\/2008\/09\/apfelschild.JPG\" alt=\"Warnschild an einem Baum vor herabfallenden \u00c4pfeln: \u201cWir bitten um ihr Verst\u00e4ndnis, dass wir keine Haftung f\u00fcr herabfallende \u00c4pfel \u00fcbernehmen.\u201d\" \/><\/p>\n<p>Reicht es, ein Schild wie dieses an einen Apfelbaum zu pinnen, um sich jeglicher rechtlicher Anspr\u00fcche zu entledigen, die auf einen zukommen, wenn man ein gutgehendes Caf\u00e9 betreibt und G\u00e4ste im Au\u00dfenbereich platziert, die unter einem dicht beh\u00e4ngten Apfelbaumzweig den sonnigen Nachmittag genie\u00dfen, bis eine der herabfallenden Fr\u00fcchte einem zuf\u00e4lligen Opfer den Sch\u00e4del spaltet? (Ja, das ist ein langer Satz, aber es geht ja auch um Juristisches&#8230; und nein, mir ist der oben geschilderte Fall nicht passiert, ich wei\u00df auch nichts von einem derartigen Vorkommnis. Es ist nur eine theoretische Frage.)<\/p>\n<p>Erg\u00e4nzung (8.9.2008): Sehr viele Juristen scheinen hier ja nicht mitzulesen&#8230; Wie auch immer, in den Kommentaren fasse ich eine Stellungnahme zusammen: Die Sicherunsgpflicht ist mit dem Schild wohl erf\u00fcllt. Da spielen dann auch etwas ungelenke Formulierungen auf dem Aushang keine Rolle, denn schlie\u00dflich \u00fcbernimmt der Besitzer bestimmt nicht die Haftung f\u00fcr das Obst an sich, sondern eher f\u00fcr die Sch\u00e4den, die dadurch entstehen&#8230;.<\/p>\n","protected":false},"excerpt":{"rendered":"<p>Frage an die Juristen unter uns: Reicht es, ein Schild wie dieses an einen Apfelbaum zu pinnen, um sich jeglicher rechtlicher Anspr\u00fcche zu entledigen, die auf einen zukommen, wenn man ein gutgehendes Caf\u00e9 betreibt und G\u00e4ste im Au\u00dfenbereich platziert, die unter einem dicht beh\u00e4ngten Apfelbaumzweig den sonnigen Nachmittag genie\u00dfen, bis eine der herabfallenden Fr\u00fcchte einem &hellip; <a href=\"https:\/\/www.kohlhof.de\/kohlhof\/2008\/09\/05\/apfel-fall\/\" class=\"more-link\"><span class=\"screen-reader-text\">\u201eApfel-Fall\u201c <\/span>weiterlesen<\/a><\/p>\n","protected":false},"author":55,"featured_media":0,"comment_status":"open","ping_status":"open","sticky":false,"template":"","format":"standard","meta":{"h5ap_radio_sources":[],"jetpack_post_was_ever_published":false,"_jetpack_newsletter_access":"","_jetpack_dont_email_post_to_subs":false,"_jetpack_newsletter_tier_id":0,"_jetpack_memberships_contains_paywalled_content":false,"_jetpack_memberships_contains_paid_content":false,"activitypub_content_warning":"","activitypub_content_visibility":"","activitypub_max_image_attachments":4,"activitypub_interaction_policy_quote":"anyone","activitypub_status":"","footnotes":"","jetpack_publicize_message":"","jetpack_publicize_feature_enabled":true,"jetpack_social_post_already_shared":false,"jetpack_social_options":{"image_generator_settings":{"template":"highway","default_image_id":0,"font":"","enabled":false},"version":2}},"categories":[1],"tags":[488,491,486],"class_list":["post-979","post","type-post","status-publish","format-standard","hentry","category-allgemein","tag-baum","tag-recht","tag-schild"],"jetpack_publicize_connections":[],"jetpack_featured_media_url":"","jetpack_sharing_enabled":true,"jetpack_shortlink":"https:\/\/wp.me\/paimI-fN","jetpack-related-posts":[],"_links":{"self":[{"href":"https:\/\/www.kohlhof.de\/kohlhof\/wp-json\/wp\/v2\/posts\/979","targetHints":{"allow":["GET"]}}],"collection":[{"href":"https:\/\/www.kohlhof.de\/kohlhof\/wp-json\/wp\/v2\/posts"}],"about":[{"href":"https:\/\/www.kohlhof.de\/kohlhof\/wp-json\/wp\/v2\/types\/post"}],"author":[{"embeddable":true,"href":"https:\/\/www.kohlhof.de\/kohlhof\/wp-json\/wp\/v2\/users\/55"}],"replies":[{"embeddable":true,"href":"https:\/\/www.kohlhof.de\/kohlhof\/wp-json\/wp\/v2\/comments?post=979"}],"version-history":[{"count":0,"href":"https:\/\/www.kohlhof.de\/kohlhof\/wp-json\/wp\/v2\/posts\/979\/revisions"}],"wp:attachment":[{"href":"https:\/\/www.kohlhof.de\/kohlhof\/wp-json\/wp\/v2\/media?parent=979"}],"wp:term":[{"taxonomy":"category","embeddable":true,"href":"https:\/\/www.kohlhof.de\/kohlhof\/wp-json\/wp\/v2\/categories?post=979"},{"taxonomy":"post_tag","embeddable":true,"href":"https:\/\/www.kohlhof.de\/kohlhof\/wp-json\/wp\/v2\/tags?post=979"}],"curies":[{"name":"wp","href":"https:\/\/api.w.org\/{rel}","templated":true}]}}